{"id":13811,"date":"2021-05-31T10:52:23","date_gmt":"2021-05-31T08:52:23","guid":{"rendered":"https:\/\/www.pta.med.pl\/?p=13811"},"modified":"2021-05-31T10:52:23","modified_gmt":"2021-05-31T08:52:23","slug":"kampania-daj-szanse-plucom","status":"publish","type":"post","link":"https:\/\/old.pta.med.pl\/?p=13811","title":{"rendered":"Kampania \u201eDaj szans\u0119 p\u0142ucom\u201d"},"content":{"rendered":"<p>O metodach leczenia i wsparcia w alergii, a tak\u017ce o aktualnych i przysz\u0142ych potrzebach pacjent\u00f3w pulmonologicznych, w najnowszej kampanii edukacyjnej \u201eDaj szans\u0119 p\u0142ucom \u2013 odetchnij z ulg\u0105\u201d. Kampania powsta\u0142a pod patronatem Polskiego Towarzystwa Alergologicznego.<\/p>\n<p>Zapraszamy do zapoznania si\u0119 z kampani\u0105 w dodatku do Gazety Wyborczej: <a href=\"http:\/\/bit.ly\/3i2byT4\" target=\"_blank\" rel=\"noopener noreferrer\">http:\/\/bit.ly\/3i2byT4<\/a>.<\/p>\n<p>Wi\u0119cej materia\u0142\u00f3w dotycz\u0105cych kampanii znajdziesz na stronie <a href=\"https:\/\/pacjentilekarz.pl\/\" target=\"_blank\" rel=\"noopener noreferrer\">pacjentilekarz.pl<\/a>.<\/p>\n<p><a href=\"https:\/\/www.pta.med.pl\/wp-content\/uploads\/daj-szanse-plucom-II.jpg\"><img class=\"alignleft size-full wp-image-13812\" src=\"https:\/\/www.pta.med.pl\/wp-content\/uploads\/daj-szanse-plucom-II.jpg\" alt=\"\" width=\"600\" height=\"400\" srcset=\"https:\/\/old.pta.med.pl\/wp-content\/uploads\/daj-szanse-plucom-II-200x133.jpg 200w, https:\/\/old.pta.med.pl\/wp-content\/uploads\/daj-szanse-plucom-II-400x267.jpg 400w, https:\/\/old.pta.med.pl\/wp-content\/uploads\/daj-szanse-plucom-II-500x333.jpg 500w, https:\/\/old.pta.med.pl\/wp-content\/uploads\/daj-szanse-plucom-II.jpg 600w\" sizes=\"(max-width: 600px) 100vw, 600px\" \/><\/a><\/p>\n","protected":false},"excerpt":{"rendered":"<p>O metodach leczenia i wsparcia w alergii, a tak\u017ce o aktualnych i przysz\u0142ych potrzebach pacjent\u00f3w pulmonologicznych, w najnowszej kampanii edukacyjnej \u201eDaj szans\u0119 p\u0142ucom \u2013 odetchnij z ulg\u0105\u201d. Kampania powsta\u0142a pod patronatem Polskiego Towarzystwa Alergologicznego. Zapraszamy do zapoznania si\u0119 z kampani\u0105 w dodatku do Gazety Wyborczej: http:\/\/bit.ly\/3i2byT4. Wi\u0119cej materia\u0142\u00f3w dotycz\u0105cych kampanii znajdziesz na stronie pacjentilekarz.pl.<\/p>\n","protected":false},"author":1,"featured_media":13812,"comment_status":"closed","ping_status":"closed","sticky":false,"template":"","format":"standard","meta":{"ngg_post_thumbnail":0},"categories":[3],"tags":[],"_links":{"self":[{"href":"https:\/\/old.pta.med.pl\/index.php?rest_route=\/wp\/v2\/posts\/13811"}],"collection":[{"href":"https:\/\/old.pta.med.pl\/index.php?rest_route=\/wp\/v2\/posts"}],"about":[{"href":"https:\/\/old.pta.med.pl\/index.php?rest_route=\/wp\/v2\/types\/post"}],"author":[{"embeddable":true,"href":"https:\/\/old.pta.med.pl\/index.php?rest_route=\/wp\/v2\/users\/1"}],"replies":[{"embeddable":true,"href":"https:\/\/old.pta.med.pl\/index.php?rest_route=%2Fwp%2Fv2%2Fcomments&post=13811"}],"version-history":[{"count":1,"href":"https:\/\/old.pta.med.pl\/index.php?rest_route=\/wp\/v2\/posts\/13811\/revisions"}],"predecessor-version":[{"id":13813,"href":"https:\/\/old.pta.med.pl\/index.php?rest_route=\/wp\/v2\/posts\/13811\/revisions\/13813"}],"wp:featuredmedia":[{"embeddable":true,"href":"https:\/\/old.pta.med.pl\/index.php?rest_route=\/wp\/v2\/media\/13812"}],"wp:attachment":[{"href":"https:\/\/old.pta.med.pl\/index.php?rest_route=%2Fwp%2Fv2%2Fmedia&parent=13811"}],"wp:term":[{"taxonomy":"category","embeddable":true,"href":"https:\/\/old.pta.med.pl\/index.php?rest_route=%2Fwp%2Fv2%2Fcategories&post=13811"},{"taxonomy":"post_tag","embeddable":true,"href":"https:\/\/old.pta.med.pl\/index.php?rest_route=%2Fwp%2Fv2%2Ftags&post=13811"}],"curies":[{"name":"wp","href":"https:\/\/api.w.org\/{rel}","templated":true}]}}