{"id":13927,"date":"2021-06-28T09:25:45","date_gmt":"2021-06-28T07:25:45","guid":{"rendered":"https:\/\/www.pta.med.pl\/?p=13927"},"modified":"2021-06-28T09:25:45","modified_gmt":"2021-06-28T07:25:45","slug":"kampania-choroby-cywilizacyjne","status":"publish","type":"post","link":"https:\/\/old.pta.med.pl\/?p=13927","title":{"rendered":"Kampania \u201eChoroby Cywilizacyjne\u201d"},"content":{"rendered":"<p>Dzi\u015b w e-prenumeracie dziennika Gazeta Wyborcza oraz na portalu <a href=\"http:\/\/www.byczdrowym.info\" target=\"_blank\" rel=\"noopener noreferrer\">www.byczdrowym.info<\/a> ruszy\u0142a edukacyjna kampania \u201eChoroby Cywilizacyjne\u201d pod patronatem Polskiego Towarzystwa Alergologicznego.<\/p>\n<p>Celem kampanii jest edukacja czytelnik\u00f3w w zakresie chor\u00f3b cywilizacyjnych, publikacja skupia si\u0119 na roli profilaktyki oraz wczesnej diagnostyki, ale przede wszystkim przedstawia nowoczesne terapie skuteczne w walce z poszczeg\u00f3lnymi jednostkami chorobowymi oraz omawia obecny do nich dost\u0119p polskich pacjent\u00f3w.<\/p>\n<p>Szczeg\u00f3lnie zach\u0119camy do lektury materia\u0142u na temat terapii biologicznej astmy, kt\u00f3ry powsta\u0142 we wsp\u00f3\u0142pracy z prof. Barbar\u0105 Rogal\u0105.<\/p>\n<p>Zapraszamy do zapoznania si\u0119 z dodatkiem \u2013 Choroby Cywilizacyjne (PDF) <a href=\"https:\/\/static.im-g.pl\/im\/0\/27252\/m27252170,CHOROBY-TABU-CZERWIEC.pdf\" target=\"_blank\" rel=\"noopener noreferrer\">https:\/\/static.im-g.pl\/im\/0\/27252\/m27252170,CHOROBY-TABU-CZERWIEC.pdf<\/a><\/p>\n<p>Wi\u0119cej informacji na \u2013 <a href=\"http:\/\/www.byczdrowym.info\" target=\"_blank\" rel=\"noopener noreferrer\">www.byczdrowym.info<\/a><\/p>\n<p><a href=\"https:\/\/www.pta.med.pl\/wp-content\/uploads\/baner-pta-oddech-600x400-1.jpg\"><img class=\"alignleft size-full wp-image-13928\" src=\"https:\/\/www.pta.med.pl\/wp-content\/uploads\/baner-pta-oddech-600x400-1.jpg\" alt=\"\" width=\"600\" height=\"400\" srcset=\"https:\/\/old.pta.med.pl\/wp-content\/uploads\/baner-pta-oddech-600x400-1-200x133.jpg 200w, https:\/\/old.pta.med.pl\/wp-content\/uploads\/baner-pta-oddech-600x400-1-400x267.jpg 400w, https:\/\/old.pta.med.pl\/wp-content\/uploads\/baner-pta-oddech-600x400-1-500x333.jpg 500w, https:\/\/old.pta.med.pl\/wp-content\/uploads\/baner-pta-oddech-600x400-1.jpg 600w\" sizes=\"(max-width: 600px) 100vw, 600px\" \/><\/a><\/p>\n","protected":false},"excerpt":{"rendered":"<p>Dzi\u015b w e-prenumeracie dziennika Gazeta Wyborcza oraz na portalu www.byczdrowym.info ruszy\u0142a edukacyjna kampania \u201eChoroby Cywilizacyjne\u201d pod patronatem Polskiego Towarzystwa Alergologicznego. Celem kampanii jest edukacja czytelnik\u00f3w w zakresie chor\u00f3b cywilizacyjnych, publikacja skupia si\u0119 na roli profilaktyki oraz wczesnej diagnostyki, ale przede wszystkim przedstawia nowoczesne terapie skuteczne w walce z poszczeg\u00f3lnymi jednostkami chorobowymi oraz omawia obecny do [&hellip;]<\/p>\n","protected":false},"author":1,"featured_media":13928,"comment_status":"closed","ping_status":"closed","sticky":false,"template":"","format":"standard","meta":{"ngg_post_thumbnail":0},"categories":[3],"tags":[],"_links":{"self":[{"href":"https:\/\/old.pta.med.pl\/index.php?rest_route=\/wp\/v2\/posts\/13927"}],"collection":[{"href":"https:\/\/old.pta.med.pl\/index.php?rest_route=\/wp\/v2\/posts"}],"about":[{"href":"https:\/\/old.pta.med.pl\/index.php?rest_route=\/wp\/v2\/types\/post"}],"author":[{"embeddable":true,"href":"https:\/\/old.pta.med.pl\/index.php?rest_route=\/wp\/v2\/users\/1"}],"replies":[{"embeddable":true,"href":"https:\/\/old.pta.med.pl\/index.php?rest_route=%2Fwp%2Fv2%2Fcomments&post=13927"}],"version-history":[{"count":1,"href":"https:\/\/old.pta.med.pl\/index.php?rest_route=\/wp\/v2\/posts\/13927\/revisions"}],"predecessor-version":[{"id":13929,"href":"https:\/\/old.pta.med.pl\/index.php?rest_route=\/wp\/v2\/posts\/13927\/revisions\/13929"}],"wp:featuredmedia":[{"embeddable":true,"href":"https:\/\/old.pta.med.pl\/index.php?rest_route=\/wp\/v2\/media\/13928"}],"wp:attachment":[{"href":"https:\/\/old.pta.med.pl\/index.php?rest_route=%2Fwp%2Fv2%2Fmedia&parent=13927"}],"wp:term":[{"taxonomy":"category","embeddable":true,"href":"https:\/\/old.pta.med.pl\/index.php?rest_route=%2Fwp%2Fv2%2Fcategories&post=13927"},{"taxonomy":"post_tag","embeddable":true,"href":"https:\/\/old.pta.med.pl\/index.php?rest_route=%2Fwp%2Fv2%2Ftags&post=13927"}],"curies":[{"name":"wp","href":"https:\/\/api.w.org\/{rel}","templated":true}]}}