{"id":13943,"date":"2021-07-14T13:41:18","date_gmt":"2021-07-14T11:41:18","guid":{"rendered":"https:\/\/www.pta.med.pl\/?p=13943"},"modified":"2021-07-15T14:00:44","modified_gmt":"2021-07-15T12:00:44","slug":"zebrania-sprawozdawczo-wyborcze-sekcji-problemowych-pta","status":"publish","type":"post","link":"https:\/\/old.pta.med.pl\/?p=13943","title":{"rendered":"Zebrania sprawozdawczo-wyborcze Sekcji Problemowych PTA"},"content":{"rendered":"<p>Zebrania sprawozdawczo-wyborcze Sekcji Problemowych PTA odb\u0119d\u0105 si\u0119 w trybie on-line w nast\u0119puj\u0105cych terminach:<\/p>\n<p>Sekcja:<\/p>\n<ul>\n<li>Alergii na pokarmy &#8211; <strong>20.07.2021, godz. 10.00<\/strong><\/li>\n<li>&nbsp;Anafilaksja, alergia na jady owad\u00f3w, mastocytoza &#8211; <strong>20.07.2021, godz. 12.00<\/strong><\/li>\n<li>Dermatologiczna &#8211; <strong>22.07.2021, godz. 10.00<\/strong><\/li>\n<li>Immunologii klinicznej &#8211; <strong>22.07.2021, godz. 12.00<\/strong><\/li>\n<li>&nbsp;Immunoterapii swoistej &#8211; <strong>02.09.2021, godz. 12.00<\/strong><\/li>\n<li>Laryngologiczna &#8211; <strong>27.07.2021, godz. 12.00<\/strong><\/li>\n<li>Mikrobiom, infekcje a alergia &#8211; <strong>29.07.2021, godz. 10.00<\/strong><\/li>\n<li>M\u0142odych &#8211; <strong>29.07.2021, godz. 12.00<\/strong><\/li>\n<li>Nadwra\u017cliwo\u015bci na leki &#8211; <strong>31.08.2021, godz. 10.00<\/strong><\/li>\n<li>Okulistyczna &#8211; <strong>30.08.2021, godz. 11.00<\/strong><\/li>\n<li>Pediatryczna &#8211; <strong>02.09.2021, godz. 10.00<\/strong><\/li>\n<li>Piel\u0119gniarstwa alergologicznego &#8211; <strong>27.07.2021, godz. 10.00<\/strong><\/li>\n<li>Sport a astma i alergia &#8211; <strong>29.07.2021, godz. 13.30<\/strong><\/li>\n<li>Terapii biologicznej &#8211; <strong>07.09.2021, godz. 13.00<\/strong><\/li>\n<li>Wrodzonego obrz\u0119ku naczyniowo-ruchowego &#8211; <strong>07.09.2021, godz. 11.30<\/strong><\/li>\n<\/ul>\n<p>Osoby zainteresowane udzia\u0142em w zebraniu danej Sekcji uprzejmie prosimy o tak\u0105 informacj\u0119 na adres mailowy <a href=\"mailto:sekcje@pta.med.pl\">sekcje@pta.med.pl<\/a> z imieniem i nazwiskiem oraz nazw\u0105 Sekcji. Link do zebrania on-line danej Sekcji b\u0119dzie przesy\u0142any tylko i wy\u0142\u0105cznie do os\u00f3b, kt\u00f3re zadeklarowa\u0142y mailowy udzia\u0142 w zebraniu.<\/p>\n<p>Jednocze\u015bnie zwracamy si\u0119 z pro\u015bb\u0105 zg\u0142aszanie na ten sam adres mailowy kandydat\u00f3w do w\u0142adz Sekcji, co pozwoli przygotowa\u0107 odpowiednio wcze\u015bniej karty do g\u0142osowania (nie wyklucza to oczywi\u015bcie zg\u0142aszania kandydat\u00f3w tak\u017ce w trakcie zebrania).<\/p>\n<p>Przypominamy, \u017ce czynne i bierne prawo wyborcze przys\u0142uguje Cz\u0142onkom Towarzystwa, kt\u00f3rzy maj\u0105 op\u0142acone sk\u0142adki cz\u0142onkowskie. By sprawdzi\u0107 status swojego cz\u0142onkostwa w Polskim Towarzystwie Alergologicznym, a tak\u017ce zweryfikowa\u0107 aktualno\u015b\u0107 danych kontaktowych czy przynale\u017cno\u015bci do Oddzia\u0142u Regionalnego lub Sekcji Problemowej (maksymalnie 2), zach\u0119camy do skorzystania ze Strefy Cz\u0142onkowskiej dost\u0119pnej pod linkiem \u2013 <a href=\"https:\/\/www.pta.med.pl\/iump-login\">www.pta.med.pl\/iump-login<\/a><\/p>\n","protected":false},"excerpt":{"rendered":"<p>Zebrania sprawozdawczo-wyborcze Sekcji Problemowych PTA odb\u0119d\u0105 si\u0119 w trybie on-line w nast\u0119puj\u0105cych terminach: Sekcja: Alergii na pokarmy &#8211; 20.07.2021, godz. 10.00 &nbsp;Anafilaksja, alergia na jady owad\u00f3w, mastocytoza &#8211; 20.07.2021, godz. 12.00 Dermatologiczna &#8211; 22.07.2021, godz. 10.00 Immunologii klinicznej &#8211; 22.07.2021, godz. 12.00 &nbsp;Immunoterapii swoistej &#8211; 02.09.2021, godz. 12.00 Laryngologiczna &#8211; 27.07.2021, godz. 12.00 Mikrobiom, infekcje [&hellip;]<\/p>\n","protected":false},"author":1,"featured_media":13944,"comment_status":"closed","ping_status":"closed","sticky":false,"template":"","format":"standard","meta":{"ngg_post_thumbnail":0},"categories":[4],"tags":[],"_links":{"self":[{"href":"https:\/\/old.pta.med.pl\/index.php?rest_route=\/wp\/v2\/posts\/13943"}],"collection":[{"href":"https:\/\/old.pta.med.pl\/index.php?rest_route=\/wp\/v2\/posts"}],"about":[{"href":"https:\/\/old.pta.med.pl\/index.php?rest_route=\/wp\/v2\/types\/post"}],"author":[{"embeddable":true,"href":"https:\/\/old.pta.med.pl\/index.php?rest_route=\/wp\/v2\/users\/1"}],"replies":[{"embeddable":true,"href":"https:\/\/old.pta.med.pl\/index.php?rest_route=%2Fwp%2Fv2%2Fcomments&post=13943"}],"version-history":[{"count":5,"href":"https:\/\/old.pta.med.pl\/index.php?rest_route=\/wp\/v2\/posts\/13943\/revisions"}],"predecessor-version":[{"id":13950,"href":"https:\/\/old.pta.med.pl\/index.php?rest_route=\/wp\/v2\/posts\/13943\/revisions\/13950"}],"wp:featuredmedia":[{"embeddable":true,"href":"https:\/\/old.pta.med.pl\/index.php?rest_route=\/wp\/v2\/media\/13944"}],"wp:attachment":[{"href":"https:\/\/old.pta.med.pl\/index.php?rest_route=%2Fwp%2Fv2%2Fmedia&parent=13943"}],"wp:term":[{"taxonomy":"category","embeddable":true,"href":"https:\/\/old.pta.med.pl\/index.php?rest_route=%2Fwp%2Fv2%2Fcategories&post=13943"},{"taxonomy":"post_tag","embeddable":true,"href":"https:\/\/old.pta.med.pl\/index.php?rest_route=%2Fwp%2Fv2%2Ftags&post=13943"}],"curies":[{"name":"wp","href":"https:\/\/api.w.org\/{rel}","templated":true}]}}