{"id":14022,"date":"2021-07-20T12:01:34","date_gmt":"2021-07-20T10:01:34","guid":{"rendered":"https:\/\/www.pta.med.pl\/?p=14022"},"modified":"2021-07-20T12:01:34","modified_gmt":"2021-07-20T10:01:34","slug":"walne-zgromadzenie-delegatow-pta-2021","status":"publish","type":"post","link":"https:\/\/old.pta.med.pl\/?p=14022","title":{"rendered":"Walne Zgromadzenie Delegat\u00f3w PTA 2021"},"content":{"rendered":"<p>Informujemy, \u017ce Walne Zgromadzenie Delegat\u00f3w Polskiego Towarzystwa Alergologicznego odb\u0119dzie si\u0119 w dniu&nbsp;<strong>17 wrze\u015bnia 2021 r. o godzinie 16.00 (I termin, II termin \u2013 16.15) w trybie on-line.<\/strong><\/p>\n<p><a href=\"https:\/\/www.pta.med.pl\/wp-content\/uploads\/Porz\u0105dek-obrad-Walne-Zgromadzenie-Delegat\u00f3w.pdf\" target=\"_blank\" rel=\"noopener noreferrer\">Porz\u0105dek obrad (pdf)<\/a><\/p>\n<p>&nbsp;<\/p>\n","protected":false},"excerpt":{"rendered":"<p>Informujemy, \u017ce Walne Zgromadzenie Delegat\u00f3w Polskiego Towarzystwa Alergologicznego odb\u0119dzie si\u0119 w dniu&nbsp;17 wrze\u015bnia 2021 r. o godzinie 16.00 (I termin, II termin \u2013 16.15) w trybie on-line. Porz\u0105dek obrad (pdf) &nbsp;<\/p>\n","protected":false},"author":1,"featured_media":14023,"comment_status":"closed","ping_status":"closed","sticky":false,"template":"","format":"standard","meta":{"ngg_post_thumbnail":0},"categories":[4],"tags":[],"_links":{"self":[{"href":"https:\/\/old.pta.med.pl\/index.php?rest_route=\/wp\/v2\/posts\/14022"}],"collection":[{"href":"https:\/\/old.pta.med.pl\/index.php?rest_route=\/wp\/v2\/posts"}],"about":[{"href":"https:\/\/old.pta.med.pl\/index.php?rest_route=\/wp\/v2\/types\/post"}],"author":[{"embeddable":true,"href":"https:\/\/old.pta.med.pl\/index.php?rest_route=\/wp\/v2\/users\/1"}],"replies":[{"embeddable":true,"href":"https:\/\/old.pta.med.pl\/index.php?rest_route=%2Fwp%2Fv2%2Fcomments&post=14022"}],"version-history":[{"count":1,"href":"https:\/\/old.pta.med.pl\/index.php?rest_route=\/wp\/v2\/posts\/14022\/revisions"}],"predecessor-version":[{"id":14025,"href":"https:\/\/old.pta.med.pl\/index.php?rest_route=\/wp\/v2\/posts\/14022\/revisions\/14025"}],"wp:featuredmedia":[{"embeddable":true,"href":"https:\/\/old.pta.med.pl\/index.php?rest_route=\/wp\/v2\/media\/14023"}],"wp:attachment":[{"href":"https:\/\/old.pta.med.pl\/index.php?rest_route=%2Fwp%2Fv2%2Fmedia&parent=14022"}],"wp:term":[{"taxonomy":"category","embeddable":true,"href":"https:\/\/old.pta.med.pl\/index.php?rest_route=%2Fwp%2Fv2%2Fcategories&post=14022"},{"taxonomy":"post_tag","embeddable":true,"href":"https:\/\/old.pta.med.pl\/index.php?rest_route=%2Fwp%2Fv2%2Ftags&post=14022"}],"curies":[{"name":"wp","href":"https:\/\/api.w.org\/{rel}","templated":true}]}}