{"id":14280,"date":"2021-09-20T12:53:41","date_gmt":"2021-09-20T10:53:41","guid":{"rendered":"https:\/\/www.pta.med.pl\/?p=14280"},"modified":"2021-09-21T08:27:57","modified_gmt":"2021-09-21T06:27:57","slug":"nowe-wladze-pta-kadencji-2021-2024","status":"publish","type":"post","link":"https:\/\/old.pta.med.pl\/?p=14280","title":{"rendered":"Nowe w\u0142adze PTA kadencji 2021-2024"},"content":{"rendered":"<p>17 wrze\u015bnia Walne Zgromadzenie Delegat\u00f3w wybra\u0142o nowe w\u0142adze Polskiego Towarzystwa Alergologicznego w kadencji 2021-2024.<\/p>\n<p><u>Sk\u0142ad Zarz\u0105du G\u0142\u00f3wnego PTA prezentuje si\u0119 nast\u0119puj\u0105co:<\/u><\/p>\n<ul>\n<li><strong>Prof. Maciej Kupczyk &#8211; Prezydent<\/strong><br \/>\n<em>Klinika Chor\u00f3b Wewn\u0119trznych, Astmy i Alergii&nbsp;<\/em><em>Uniwersytet Medyczny w \u0141odzi<\/em><\/li>\n<li><strong>Prof. Rados\u0142aw Gawlik &#8211; Prezydent Elekt<\/strong><em><br \/>\nKlinika i Katedra&nbsp;Chor\u00f3b Wewn\u0119trznych, Alergologii i Immunologii Klinicznej \u015al\u0105ski Uniwersytet Medyczny&nbsp;<\/em><\/li>\n<li><strong>Prof. Marek Kulus &#8211; Prezydent kadencji 2018-2021<\/strong><em><br \/>\nKlinika Pneumonologii i Alergologii Wieku Dzieci\u0119cego,&nbsp;Warszawski Uniwersytet Medyczny<\/em><\/li>\n<li><strong>Prof. Zbigniew Bartuzi&nbsp;<\/strong><br \/>\n<em>Klinika i Katedra Alergologii, Immunologii Klinicznej i Chor\u00f3b Wewn\u0119trznych,&nbsp;<\/em><em>Collegium Medicum im. Ludwika Rydygiera w Bydgoszczy<\/em><\/li>\n<li><strong>Prof. Marta Che\u0142mi\u0144ska<\/strong><br \/>\n<em>Klinika Alergologii i Pneumonologii,&nbsp;<\/em><em>Gda\u0144ski Uniwersytet Medyczny<\/em><\/li>\n<li><strong>Prof. Magdalena Czarnecka-Operacz<\/strong><br \/>\n<em>Klinika i Katedra Dermatologii,&nbsp;<\/em><em>Uniwersytet Medyczny im. Karola Marcinkowskiego w Poznaniu<\/em><\/li>\n<li><strong>Prof. Ewa Czarnobilska<br \/>\n<\/strong><em>Katedra Toksykologii i Chor\u00f3b \u015arodowiskowych,&nbsp;<\/em><em>Uniwersytet Jagiello\u0144ski Collegium Medicum<\/em><\/li>\n<li><strong>Dr Piotr D\u0105browiecki<br \/>\n<\/strong><em>Klinika Chor\u00f3b Infekcyjnych i Alergologii,&nbsp;<\/em><em>Wojskowy Instytut Medyczny w Warszawie<\/em><\/li>\n<li><strong>Prof. Jerzy Kruszewski<br \/>\n<\/strong><em>Klinika Chor\u00f3b Infekcyjnych i Alergologii,&nbsp;<\/em><em>Wojskowy Instytut Medyczny w Warszawie<\/em><\/li>\n<li><strong>Prof. Piotr Kuna<br \/>\n<\/strong><em>Klinika Chor\u00f3b Wewn\u0119trznych, Astmy i Alergii&nbsp;<\/em><em>Uniwersytet Medyczny w \u0141odzi<\/em><\/li>\n<li><strong>Dr Izabela Kupry\u015b-Lipi\u0144ska<br \/>\n<\/strong><em>Klinika Chor\u00f3b Wewn\u0119trznych, Astmy i Alergii&nbsp;<\/em><em>Uniwersytet Medyczny w \u0141odzi<\/em><\/li>\n<li><strong>Prof. Marcin Moniuszko<br \/>\n<\/strong><em>Klinika Alergologii i Chor\u00f3b Wewn\u0119trznych&nbsp;<\/em><em>Uniwersytet Medyczny w Bia\u0142ymstoku<\/em><\/li>\n<li><strong>Prof. Marek Niedoszytko<\/strong><em><br \/>\n<\/em><em>Klinika Alergologii i Pneumonologii&nbsp;<\/em><em>Gda\u0144ski Uniwersytet Medyczny<\/em>&nbsp;<strong><br \/>\n<\/strong><\/li>\n<li><strong>Dr<\/strong>&nbsp;<strong>Iwona Poziomkowska-G\u0119sicka<\/strong><em><br \/>\nZak\u0142ad Alergologii Klinicznej Pomorski Uniwersytet&nbsp;Medyczny w Szczecinie<\/em><\/li>\n<li><strong>Dr Piotr Rapiejko<\/strong><em><br \/>\nKlinika Otolaryngologii WIM, O\u015brodek Badania Alergen\u00f3w \u015arodowiskowych, Warszawa<\/em><\/li>\n<li><strong>Prof. Boles\u0142aw Samoli\u0144ski<br \/>\n<\/strong><em>Zak\u0142ad Profilaktyki Zagro\u017ce\u0144 \u015arodowiskowych i Alergologii&nbsp;<\/em><em>Warszawski Uniwersytet Medyczny<\/em><\/li>\n<\/ul>\n<p><u>G\u0142\u00f3wna Komisja Rewizyjna:<\/u><\/p>\n<ul>\n<li><strong>Prof.&nbsp;Andrzej Chcia\u0142owski<br \/>\n<\/strong><em>Wojskowy Instytut Medyczny Warszawa<\/em><\/li>\n<li><strong>Dr Pawe\u0142 Gonerko<br \/>\n<\/strong><em>Szpital Zdroje Szczecin<\/em><\/li>\n<li><strong>Prof.&nbsp;<\/strong><strong>Alicja Grzanka<\/strong><br \/>\n<em>Katedra i Oddzia\u0142 Kliniczny Chor\u00f3b Wewn\u0119trznych, Dermatologii i Alergologii,&nbsp;<\/em><em>\u015al\u0105ski Uniwersytet Medyczny<\/em><\/li>\n<li><strong>Prof. Cezary Pa\u0142czy\u0144ski<\/strong><br \/>\n<em>Klinika Chor\u00f3b Wewn\u0119trznych, Astmy i Alergii&nbsp;<\/em><em>Uniwersytet Medyczny w \u0141odzi<\/em><\/li>\n<li><strong>Dr Aneta Tomaszewska<\/strong><br \/>\n<em>Zak\u0142ad Profilaktyki Zagro\u017ce\u0144 \u015arodowiskowych i Alergologii&nbsp;<\/em><em>Warszawski Uniwersytet Medyczny<\/em><\/li>\n<\/ul>\n<p><u>S\u0105d Kole\u017ce\u0144ski:<\/u><\/p>\n<ul>\n<li><strong>Prof. Krzysztof Buczy\u0142ko<\/strong><em><br \/>\nCentrum Alergologii w \u0141odzi<\/em><\/li>\n<li><strong>Dr Adrian Gajewski<\/strong><em><br \/>\n<u><\/u>Klinika Immunologii i Alergii Uniwersytet&nbsp;Medyczny w \u0141odzi<u><\/u><\/em><\/li>\n<li><strong>Dr Krzysztof K\u0142os<\/strong><br \/>\n<em>Klinika Chor\u00f3b Infekcyjnych i Alergologii,&nbsp;<\/em><em>Wojskowy Instytut Medyczny w Warszawie<\/em><\/li>\n<li><strong>Prof. Aneta Krogulska<\/strong><br \/>\n<em>Katedra Pediatrii, Alergologii i Gastroenterologii&nbsp;Collegium Medicum im. Ludwika Rydygiera&nbsp;w Bydgoszczy<\/em><\/li>\n<li><strong>Prof. Krzysztof Pa\u0142gan<\/strong><br \/>\n<em>Klinika i Katedra Alergologii, Immunologii Klinicznej i Chor\u00f3b Wewn\u0119trznych,&nbsp;<\/em><em>Collegium Medicum im. Ludwika Rydygiera w Bydgoszczy<\/em><\/li>\n<\/ul>\n<p>Nowym w\u0142adzom Towarzystwa \u017cyczymy wielu osi\u0105gni\u0119\u0107 w pracy na rzecz rozwoju alergologii!<\/p>\n","protected":false},"excerpt":{"rendered":"<p>17 wrze\u015bnia Walne Zgromadzenie Delegat\u00f3w wybra\u0142o nowe w\u0142adze Polskiego Towarzystwa Alergologicznego w kadencji 2021-2024. Sk\u0142ad Zarz\u0105du G\u0142\u00f3wnego PTA prezentuje si\u0119 nast\u0119puj\u0105co: Prof. Maciej Kupczyk &#8211; Prezydent Klinika Chor\u00f3b Wewn\u0119trznych, Astmy i Alergii&nbsp;Uniwersytet Medyczny w \u0141odzi Prof. Rados\u0142aw Gawlik &#8211; Prezydent Elekt Klinika i Katedra&nbsp;Chor\u00f3b Wewn\u0119trznych, Alergologii i Immunologii Klinicznej \u015al\u0105ski Uniwersytet Medyczny&nbsp; Prof. Marek Kulus [&hellip;]<\/p>\n","protected":false},"author":1,"featured_media":14281,"comment_status":"closed","ping_status":"closed","sticky":false,"template":"","format":"standard","meta":{"ngg_post_thumbnail":0},"categories":[4],"tags":[],"_links":{"self":[{"href":"https:\/\/old.pta.med.pl\/index.php?rest_route=\/wp\/v2\/posts\/14280"}],"collection":[{"href":"https:\/\/old.pta.med.pl\/index.php?rest_route=\/wp\/v2\/posts"}],"about":[{"href":"https:\/\/old.pta.med.pl\/index.php?rest_route=\/wp\/v2\/types\/post"}],"author":[{"embeddable":true,"href":"https:\/\/old.pta.med.pl\/index.php?rest_route=\/wp\/v2\/users\/1"}],"replies":[{"embeddable":true,"href":"https:\/\/old.pta.med.pl\/index.php?rest_route=%2Fwp%2Fv2%2Fcomments&post=14280"}],"version-history":[{"count":2,"href":"https:\/\/old.pta.med.pl\/index.php?rest_route=\/wp\/v2\/posts\/14280\/revisions"}],"predecessor-version":[{"id":14323,"href":"https:\/\/old.pta.med.pl\/index.php?rest_route=\/wp\/v2\/posts\/14280\/revisions\/14323"}],"wp:featuredmedia":[{"embeddable":true,"href":"https:\/\/old.pta.med.pl\/index.php?rest_route=\/wp\/v2\/media\/14281"}],"wp:attachment":[{"href":"https:\/\/old.pta.med.pl\/index.php?rest_route=%2Fwp%2Fv2%2Fmedia&parent=14280"}],"wp:term":[{"taxonomy":"category","embeddable":true,"href":"https:\/\/old.pta.med.pl\/index.php?rest_route=%2Fwp%2Fv2%2Fcategories&post=14280"},{"taxonomy":"post_tag","embeddable":true,"href":"https:\/\/old.pta.med.pl\/index.php?rest_route=%2Fwp%2Fv2%2Ftags&post=14280"}],"curies":[{"name":"wp","href":"https:\/\/api.w.org\/{rel}","templated":true}]}}