{"id":14320,"date":"2021-09-21T08:26:38","date_gmt":"2021-09-21T06:26:38","guid":{"rendered":"https:\/\/www.pta.med.pl\/?p=14320"},"modified":"2021-09-21T08:26:38","modified_gmt":"2021-09-21T06:26:38","slug":"prezydent-pta-kadencji-2021-2024","status":"publish","type":"post","link":"https:\/\/old.pta.med.pl\/?p=14320","title":{"rendered":"Prezydent PTA kadencji 2021-2024"},"content":{"rendered":"<p>Mi\u0142o nam poinformowa\u0107, \u017ce 17 wrze\u015bnia funkcj\u0119 Prezydenta Polskiego Towarzystwa Alergologicznego w kadencji 2021-2024 obj\u0105\u0142 dr hab. n. med. prof. nadzw. Maciej Kupczyk.<\/p>\n<p><a href=\"https:\/\/www.pta.med.pl\/wp-content\/uploads\/Mkupczyk-300.jpg\"><img class=\"size-full wp-image-14265 aligncenter\" src=\"https:\/\/www.pta.med.pl\/wp-content\/uploads\/Mkupczyk-300.jpg\" alt=\"\" width=\"300\" height=\"328\" srcset=\"https:\/\/old.pta.med.pl\/wp-content\/uploads\/Mkupczyk-300-200x219.jpg 200w, https:\/\/old.pta.med.pl\/wp-content\/uploads\/Mkupczyk-300.jpg 300w\" sizes=\"(max-width: 300px) 100vw, 300px\" \/><\/a><\/p>\n<p data-redactor-style-cache=\"text-align: justify;\">Dr hab. n. med. prof. nadzw. Maciej Kupczyk uko\u0144czy\u0142 Uniwersytet Medyczny w \u0141odzi (w 2001 r.) oraz studia podyplomowe \u201eZarz\u0105dzanie s\u0142u\u017cb\u0105 zdrowia z elementami techniki medycznej\u201d na Wydziale Organizacji i Zarz\u0105dzania Politechniki \u0141\u00f3dzkiej. W 2008 r. uzyska\u0142 specjalizacj\u0119 w dziedzinie chor\u00f3b wewn\u0119trznych, a w 2012 r. &#8211; w alergologii. Jest pracownikiem Kliniki Chor\u00f3b Wewn\u0119trznych, Astmy i Alergii Uniwersytetu Medycznego w \u0141odzi.<\/p>\n<p data-redactor-style-cache=\"text-align: justify;\">Zainteresowania naukowe nowego Prezydenta PTA obejmuj\u0105 m.in. fizjologi\u0119 uk\u0142adu oddechowego oraz alergie oddechowe (ich pod\u0142o\u017ce zapalne, diagnostyk\u0119, farmako- i immunoterapi\u0119). Prowadzi\u0142 badania nad prowokacj\u0105 donosow\u0105 aspiryn\u0105 lizynow\u0105 oraz immunologicznymi mechanizmami powstawania alergii (rozprawa doktorska z 2006 r.: ,,Prowokacja donosowa aspiryn\u0105 lizynow\u0105 jako metoda diagnostyki nadwra\u017cliwo\u015bci na niesteroidowe leki przeciwzapalne i oceny mechanizm\u00f3w przewlek\u0142ego zapalenia eozynofilowego w b\u0142onie \u015bluzowej nosa&#8221;), a tak\u017ce mechanizmami, diagnostyk\u0105 i terapi\u0105 astmy ci\u0119\u017ckiej (rozprawa habilitacyjna z 2014 r. \u201eFenotypy astmy ci\u0119\u017ckiej w praktyce klinicznej\u201d).<\/p>\n<p data-redactor-style-cache=\"text-align: justify;\">Dr hab. n. med. prof. nadzw. Maciej Kupczyk jest wieloletnim Cz\u0142onkiem Towarzystwa, pe\u0142ni\u0142 wiele odpowiedzialnych stanowisk w ramach Oddzia\u0142u \u0141\u00f3dzkiego oraz Zarz\u0105du G\u0142\u00f3wnego PTA, za\u015b w 2018 roku na Walnym Zgromadzeniu Delegat\u00f3w zosta\u0142 wybrany Prezydentem-Elektem.<\/p>\n<p data-redactor-style-cache=\"text-align: justify;\">Nowemu Prezydentowi PTA \u017cyczymy wielu sukces\u00f3w!<\/p>\n<p>&nbsp;<\/p>\n","protected":false},"excerpt":{"rendered":"<p>Mi\u0142o nam poinformowa\u0107, \u017ce 17 wrze\u015bnia funkcj\u0119 Prezydenta Polskiego Towarzystwa Alergologicznego w kadencji 2021-2024 obj\u0105\u0142 dr hab. n. med. prof. nadzw. Maciej Kupczyk. Dr hab. n. med. prof. nadzw. Maciej Kupczyk uko\u0144czy\u0142 Uniwersytet Medyczny w \u0141odzi (w 2001 r.) oraz studia podyplomowe \u201eZarz\u0105dzanie s\u0142u\u017cb\u0105 zdrowia z elementami techniki medycznej\u201d na Wydziale Organizacji i Zarz\u0105dzania Politechniki [&hellip;]<\/p>\n","protected":false},"author":1,"featured_media":14321,"comment_status":"closed","ping_status":"closed","sticky":false,"template":"","format":"standard","meta":{"ngg_post_thumbnail":0},"categories":[4],"tags":[],"_links":{"self":[{"href":"https:\/\/old.pta.med.pl\/index.php?rest_route=\/wp\/v2\/posts\/14320"}],"collection":[{"href":"https:\/\/old.pta.med.pl\/index.php?rest_route=\/wp\/v2\/posts"}],"about":[{"href":"https:\/\/old.pta.med.pl\/index.php?rest_route=\/wp\/v2\/types\/post"}],"author":[{"embeddable":true,"href":"https:\/\/old.pta.med.pl\/index.php?rest_route=\/wp\/v2\/users\/1"}],"replies":[{"embeddable":true,"href":"https:\/\/old.pta.med.pl\/index.php?rest_route=%2Fwp%2Fv2%2Fcomments&post=14320"}],"version-history":[{"count":1,"href":"https:\/\/old.pta.med.pl\/index.php?rest_route=\/wp\/v2\/posts\/14320\/revisions"}],"predecessor-version":[{"id":14322,"href":"https:\/\/old.pta.med.pl\/index.php?rest_route=\/wp\/v2\/posts\/14320\/revisions\/14322"}],"wp:featuredmedia":[{"embeddable":true,"href":"https:\/\/old.pta.med.pl\/index.php?rest_route=\/wp\/v2\/media\/14321"}],"wp:attachment":[{"href":"https:\/\/old.pta.med.pl\/index.php?rest_route=%2Fwp%2Fv2%2Fmedia&parent=14320"}],"wp:term":[{"taxonomy":"category","embeddable":true,"href":"https:\/\/old.pta.med.pl\/index.php?rest_route=%2Fwp%2Fv2%2Fcategories&post=14320"},{"taxonomy":"post_tag","embeddable":true,"href":"https:\/\/old.pta.med.pl\/index.php?rest_route=%2Fwp%2Fv2%2Ftags&post=14320"}],"curies":[{"name":"wp","href":"https:\/\/api.w.org\/{rel}","templated":true}]}}