{"id":14354,"date":"2021-09-27T12:32:02","date_gmt":"2021-09-27T10:32:02","guid":{"rendered":"https:\/\/www.pta.med.pl\/?p=14354"},"modified":"2021-09-27T12:32:28","modified_gmt":"2021-09-27T10:32:28","slug":"kampania-choroby-przewlekle","status":"publish","type":"post","link":"https:\/\/old.pta.med.pl\/?p=14354","title":{"rendered":"Kampania \u201eChoroby przewlek\u0142e\u201d"},"content":{"rendered":"<p>Dzi\u015b w prenumeracie online dziennika Gazety Wyborczej oraz na portalu <a href=\"http:\/\/www.byczdrowym.info\" target=\"_blank\" rel=\"noopener noreferrer\">www.byczdrowym.info<\/a> ruszy\u0142a edukacyjna kampania \u201eChoroby przewlek\u0142e\u201d, kt\u00f3ra zosta\u0142a obj\u0119ta Patronatem Polskiego Towarzystwa Alergologicznego.<\/p>\n<p><strong>Choroby przewlek\u0142e to projekt, kt\u00f3ry ma na celu budowanie \u015bwiadomo\u015bci spo\u0142ecznej na temat profilaktyki, diagnostyki jak i terapii chor\u00f3b uznawanych za przewlek\u0142e. <\/strong>W ramach projektu porozmawiano z przedstawicielami ochrony zdrowia, ekspertami oraz pacjentami dotkni\u0119tymi chorobami przewlek\u0142ymi. &nbsp;W aktualnej edycji kampanii poruszono mi\u0119dzy innymi tematyk\u0119 chor\u00f3b z zakresu pulmonologii, a dok\u0142adniej diagnozy i kontroli chor\u00f3b obturacyjnych.<\/p>\n<p>Wszystko po to, by budowa\u0107 spo\u0142eczn\u0105 \u015bwiadomo\u015b\u0107 oraz zmienia\u0107 sytuacj\u0119 os\u00f3b chorych na lepsze. Dzi\u0119ki ekspertom zaanga\u017cowanym w akcj\u0119 przedstawiono wszystkie aspekty \u017cycia pacjenta pocz\u0105wszy od profilaktyki, diagnostyk, a\u017c do optymalnego innowacyjnego leczenia i kontroli choroby. Postawiono na rzetelny i sprawdzony przekaz, dlatego <strong>tre\u015bci stanowi\u0105 wypowiedzi wybitnych specjalist\u00f3w mi\u0119dzy innymi Profesora Piotra Kuny, cz\u0142onka Polskiego Towarzystwa Alergologicznego.<\/strong><\/p>\n<p>Zapraszamy do zapoznania si\u0119 z kampani\u0105 w dodatku do Gazety Wyborczej:&nbsp;<a href=\"https:\/\/www.pta.med.pl\/wp-content\/uploads\/CHOROBY.pdf\" target=\"_blank\" rel=\"noopener noreferrer\">https:\/\/www.pta.med.pl\/wp-content\/uploads\/CHOROBY.pdf<\/a><\/p>\n<p><a href=\"https:\/\/www.pta.med.pl\/wp-content\/uploads\/choroby-przewlekle-post.png\"><img class=\"alignleft size-full wp-image-14355\" src=\"https:\/\/www.pta.med.pl\/wp-content\/uploads\/choroby-przewlekle-post.png\" alt=\"\" width=\"600\" height=\"400\" srcset=\"https:\/\/old.pta.med.pl\/wp-content\/uploads\/choroby-przewlekle-post-200x133.png 200w, https:\/\/old.pta.med.pl\/wp-content\/uploads\/choroby-przewlekle-post-400x267.png 400w, https:\/\/old.pta.med.pl\/wp-content\/uploads\/choroby-przewlekle-post-500x333.png 500w, https:\/\/old.pta.med.pl\/wp-content\/uploads\/choroby-przewlekle-post.png 600w\" sizes=\"(max-width: 600px) 100vw, 600px\" \/><\/a><\/p>\n","protected":false},"excerpt":{"rendered":"<p>Dzi\u015b w prenumeracie online dziennika Gazety Wyborczej oraz na portalu www.byczdrowym.info ruszy\u0142a edukacyjna kampania \u201eChoroby przewlek\u0142e\u201d, kt\u00f3ra zosta\u0142a obj\u0119ta Patronatem Polskiego Towarzystwa Alergologicznego. Choroby przewlek\u0142e to projekt, kt\u00f3ry ma na celu budowanie \u015bwiadomo\u015bci spo\u0142ecznej na temat profilaktyki, diagnostyki jak i terapii chor\u00f3b uznawanych za przewlek\u0142e. W ramach projektu porozmawiano z przedstawicielami ochrony zdrowia, ekspertami oraz [&hellip;]<\/p>\n","protected":false},"author":1,"featured_media":14355,"comment_status":"closed","ping_status":"closed","sticky":false,"template":"","format":"standard","meta":{"ngg_post_thumbnail":0},"categories":[3],"tags":[],"_links":{"self":[{"href":"https:\/\/old.pta.med.pl\/index.php?rest_route=\/wp\/v2\/posts\/14354"}],"collection":[{"href":"https:\/\/old.pta.med.pl\/index.php?rest_route=\/wp\/v2\/posts"}],"about":[{"href":"https:\/\/old.pta.med.pl\/index.php?rest_route=\/wp\/v2\/types\/post"}],"author":[{"embeddable":true,"href":"https:\/\/old.pta.med.pl\/index.php?rest_route=\/wp\/v2\/users\/1"}],"replies":[{"embeddable":true,"href":"https:\/\/old.pta.med.pl\/index.php?rest_route=%2Fwp%2Fv2%2Fcomments&post=14354"}],"version-history":[{"count":1,"href":"https:\/\/old.pta.med.pl\/index.php?rest_route=\/wp\/v2\/posts\/14354\/revisions"}],"predecessor-version":[{"id":14357,"href":"https:\/\/old.pta.med.pl\/index.php?rest_route=\/wp\/v2\/posts\/14354\/revisions\/14357"}],"wp:featuredmedia":[{"embeddable":true,"href":"https:\/\/old.pta.med.pl\/index.php?rest_route=\/wp\/v2\/media\/14355"}],"wp:attachment":[{"href":"https:\/\/old.pta.med.pl\/index.php?rest_route=%2Fwp%2Fv2%2Fmedia&parent=14354"}],"wp:term":[{"taxonomy":"category","embeddable":true,"href":"https:\/\/old.pta.med.pl\/index.php?rest_route=%2Fwp%2Fv2%2Fcategories&post=14354"},{"taxonomy":"post_tag","embeddable":true,"href":"https:\/\/old.pta.med.pl\/index.php?rest_route=%2Fwp%2Fv2%2Ftags&post=14354"}],"curies":[{"name":"wp","href":"https:\/\/api.w.org\/{rel}","templated":true}]}}