{"id":14475,"date":"2021-09-29T17:23:32","date_gmt":"2021-09-29T15:23:32","guid":{"rendered":"https:\/\/www.pta.med.pl\/?p=14475"},"modified":"2021-10-07T20:46:45","modified_gmt":"2021-10-07T18:46:45","slug":"nowy-model-organizacji-opieki-zdrowotnej-nad-pacjentem-z-astma","status":"publish","type":"post","link":"https:\/\/old.pta.med.pl\/?p=14475","title":{"rendered":"Nowy model organizacji opieki zdrowotnej nad pacjentem z astm\u0105"},"content":{"rendered":"<p>Z inicjatywy Polskiego Towarzystwa Alergologicznego, lidera Koalicji na rzecz Leczenia Astmy, odby\u0142a si\u0119 konferencja prasowa, podczas kt\u00f3rej organizatorzy wraz z autorami raportu pt.&nbsp;<em><a href=\"https:\/\/koalicja.pta.med.pl\/wp-content\/uploads\/2021\/09\/Astma_Raport_FINAL.pdf\" target=\"_blank\" rel=\"noopener noreferrer\">Astma oskrzelowa \u2013 nowy model zarz\u0105dzania chorob\u0105 nakierowany na wzrost warto\u015bci zdrowotnej<\/a>,&nbsp;<\/em>przedstawili rekomendacje systemowych zmian s\u0142u\u017c\u0105ce poprawie jako\u015bci opieki nad pacjentami z astm\u0105.<\/p>\n<ul>\n<li>Poprawa efektywno\u015bci i optymalizacji leczenia oraz wzrost aktywno\u015bci zawodowej pacjent\u00f3w z astm\u0105.<\/li>\n<li>Zwi\u0119kszenie wykrywalno\u015bci astmy przez lekarzy rodzinnych oraz weryfikacja wst\u0119pnego rozpoznania choroby i ustalenie indywidualnego planu leczenia pacjenta przez lekarzy specjalist\u00f3w&nbsp;w dziedzinie alergologii i pulmonologii.<\/li>\n<li>Zmniejszenie liczby hospitalizacji pacjent\u00f3w z powodu zaostrze\u0144 astmy oraz przekszta\u0142cenie oddzia\u0142\u00f3w alergologii w Centra Leczenia Astmy Ci\u0119\u017ckiej.<\/li>\n<\/ul>\n<p>Oto g\u0142\u00f3wne cele nowego modelu organizacji opieki nad pacjentami z astm\u0105 przedstawionego we wspomnianym raporcie. Dokument zosta\u0142 opracowany przez ekspert\u00f3w z Uczelni \u0141azarskiego i klinicyst\u00f3w specjalizuj\u0105cych si\u0119 w leczeniu astmy. Obejmuje analiz\u0119 klinicznych oraz organizacyjno-finansowych aspekt\u00f3w diagnostyki i leczenia pacjenta z astm\u0105 w Polsce.&nbsp;<strong>Przedstawione w raporcie rekomendacje dotycz\u0105 systemowych zmian maj\u0105cych na celu popraw\u0119 sytuacji os\u00f3b dotkni\u0119tych t\u0105 chorob\u0105.&nbsp;<\/strong>D\u0105\u017cenie do ich priorytetowego uwzgl\u0119dnienia w systemie ochrony zdrowia stanowi&nbsp;cel dzia\u0142a\u0144 Koalicji na rzecz Leczenia Astmy.<\/p>\n<p>Wi\u0119cej na: <a href=\"https:\/\/koalicja.pta.med.pl\/\" target=\"_blank\" rel=\"noopener noreferrer\">https:\/\/koalicja.pta.med.pl\/<\/a><\/p>\n","protected":false},"excerpt":{"rendered":"<p>Z inicjatywy Polskiego Towarzystwa Alergologicznego, lidera Koalicji na rzecz Leczenia Astmy, odby\u0142a si\u0119 konferencja prasowa, podczas kt\u00f3rej organizatorzy wraz z autorami raportu pt.&nbsp;Astma oskrzelowa \u2013 nowy model zarz\u0105dzania chorob\u0105 nakierowany na wzrost warto\u015bci zdrowotnej,&nbsp;przedstawili rekomendacje systemowych zmian s\u0142u\u017c\u0105ce poprawie jako\u015bci opieki nad pacjentami z astm\u0105. Poprawa efektywno\u015bci i optymalizacji leczenia oraz wzrost aktywno\u015bci zawodowej pacjent\u00f3w [&hellip;]<\/p>\n","protected":false},"author":1,"featured_media":14476,"comment_status":"closed","ping_status":"closed","sticky":false,"template":"","format":"standard","meta":{"ngg_post_thumbnail":0},"categories":[3],"tags":[],"_links":{"self":[{"href":"https:\/\/old.pta.med.pl\/index.php?rest_route=\/wp\/v2\/posts\/14475"}],"collection":[{"href":"https:\/\/old.pta.med.pl\/index.php?rest_route=\/wp\/v2\/posts"}],"about":[{"href":"https:\/\/old.pta.med.pl\/index.php?rest_route=\/wp\/v2\/types\/post"}],"author":[{"embeddable":true,"href":"https:\/\/old.pta.med.pl\/index.php?rest_route=\/wp\/v2\/users\/1"}],"replies":[{"embeddable":true,"href":"https:\/\/old.pta.med.pl\/index.php?rest_route=%2Fwp%2Fv2%2Fcomments&post=14475"}],"version-history":[{"count":3,"href":"https:\/\/old.pta.med.pl\/index.php?rest_route=\/wp\/v2\/posts\/14475\/revisions"}],"predecessor-version":[{"id":14706,"href":"https:\/\/old.pta.med.pl\/index.php?rest_route=\/wp\/v2\/posts\/14475\/revisions\/14706"}],"wp:featuredmedia":[{"embeddable":true,"href":"https:\/\/old.pta.med.pl\/index.php?rest_route=\/wp\/v2\/media\/14476"}],"wp:attachment":[{"href":"https:\/\/old.pta.med.pl\/index.php?rest_route=%2Fwp%2Fv2%2Fmedia&parent=14475"}],"wp:term":[{"taxonomy":"category","embeddable":true,"href":"https:\/\/old.pta.med.pl\/index.php?rest_route=%2Fwp%2Fv2%2Fcategories&post=14475"},{"taxonomy":"post_tag","embeddable":true,"href":"https:\/\/old.pta.med.pl\/index.php?rest_route=%2Fwp%2Fv2%2Ftags&post=14475"}],"curies":[{"name":"wp","href":"https:\/\/api.w.org\/{rel}","templated":true}]}}