{"id":14504,"date":"2021-10-01T10:12:12","date_gmt":"2021-10-01T08:12:12","guid":{"rendered":"https:\/\/www.pta.med.pl\/?p=14504"},"modified":"2021-10-01T10:12:12","modified_gmt":"2021-10-01T08:12:12","slug":"1-pazdziernika-swiatowy-dzien-pokrzywki","status":"publish","type":"post","link":"https:\/\/old.pta.med.pl\/?p=14504","title":{"rendered":"1 pa\u017adziernika- \u015awiatowy Dzie\u0144 Pokrzywki"},"content":{"rendered":"<div class=\"o9v6fnle cxmmr5t8 oygrvhab hcukyx3x c1et5uql ii04i59q\">\n<div dir=\"auto\">Ju\u017c dzi\u015b po raz si\u00f3dmy b\u0119dziemy obchodzi\u0107 Mi\u0119dzynarodowy Dzie\u0144 Pokrzywki (Urticaria Day). Celem inicjatywy jest szerzenie informacji na temat tego schorzenia, podnoszenie jako\u015bci opieki nad pacjentami, a tak\u017ce podnoszenie \u015bwiadomo\u015bci w\u015br\u00f3d chorych, ich rodzin, lekarzy, ale r\u00f3wnie\u017c w mediach.<\/div>\n<\/div>\n<div class=\"o9v6fnle cxmmr5t8 oygrvhab hcukyx3x c1et5uql ii04i59q\">\n<div dir=\"auto\">&nbsp;<\/div>\n<div dir=\"auto\">W tegorocznej edycji organizatorzy przygotowali przede wszystkim cyfrowe inicjatywy, dost\u0119pne dla s\u0142uchaczy lokalnych, jak i mi\u0119dzynarodowych, w tym webinary, kongresy online i kampanie w mediach spo\u0142eczno\u015bciowych. Nie zabraknie inicjatyw przygotowanych przez polskie centra pokrzywkowe nale\u017c\u0105ce do sieci UCARE (Urticaria Centers of Reference and Excellence), w tym filmy edukacyjne na youtube z mo\u017cliwo\u015bci\u0105 zadawania pyta\u0144 autorom, webinary, czy dzie\u0144 otwartych konsultacji.<\/div>\n<\/div>\n<div class=\"o9v6fnle cxmmr5t8 oygrvhab hcukyx3x c1et5uql ii04i59q\">\n<div dir=\"auto\">&nbsp;<\/div>\n<div dir=\"auto\">Wszystkie wydarzenia zwi\u0105zane z tegoroczn\u0105 edycj\u0105 UDAY znale\u017a\u0107 mo\u017cna na oficjalnej stronie inicjatywy:<\/div>\n<div dir=\"auto\"><a class=\"oajrlxb2 g5ia77u1 qu0x051f esr5mh6w e9989ue4 r7d6kgcz rq0escxv nhd2j8a9 nc684nl6 p7hjln8o kvgmc6g5 cxmmr5t8 oygrvhab hcukyx3x jb3vyjys rz4wbd8a qt6c0cv9 a8nywdso i1ao9s8h esuyzwwr f1sip0of lzcic4wl py34i1dx gpro0wi8\" tabindex=\"0\" role=\"link\" href=\"https:\/\/l.facebook.com\/l.php?u=http%3A%2F%2Furticariaday.org%2Furticaria-day-2021%2Fevents%2F%3Ffbclid%3DIwAR1XtECl4mNeKlUTnOmdyCi0Kuktucbu0qpBojAR52_U_zipcA4fH3HhLMI&amp;h=AT3eCDsbUVQgp3JtM5l_oiQK0qf41kERfH5dDYW6Qgq7s_YLTCCSmwscv7L1Idi1jQ5_259zBz6qsUfS0t0geDYAAAJHk0lmsdrU2_P1eG4rBMzkzaqvwfFJXEmH-U6ZAw31&amp;__tn__=-UK-R&amp;c[0]=AT0q7ZODhzn2l-Y1Yh0iK3eqPYQ8n69nNOar_UJr7I_9g4jD4T8Jv_JBj0ogQJIUVywNRc6Ng3xKAYXRXIpu-NDv3GyWfqNe777U05Iz_dK3IMmur6A2iP91q5nWVQxCW8L-fhoNRAFyooG9fDkgRljO-Azt4X40SwGKZ76P789Mu_epvbRn84V4zpqsVtC46n-OkHA\" target=\"_blank\" rel=\"nofollow noopener noreferrer\">http:\/\/urticariaday.org\/urticaria-day-2021\/events\/<\/a><\/div>\n<\/div>\n<p>&nbsp;<\/p>\n","protected":false},"excerpt":{"rendered":"<p>Ju\u017c dzi\u015b po raz si\u00f3dmy b\u0119dziemy obchodzi\u0107 Mi\u0119dzynarodowy Dzie\u0144 Pokrzywki (Urticaria Day). Celem inicjatywy jest szerzenie informacji na temat tego schorzenia, podnoszenie jako\u015bci opieki nad pacjentami, a tak\u017ce podnoszenie \u015bwiadomo\u015bci w\u015br\u00f3d chorych, ich rodzin, lekarzy, ale r\u00f3wnie\u017c w mediach. &nbsp; W tegorocznej edycji organizatorzy przygotowali przede wszystkim cyfrowe inicjatywy, dost\u0119pne dla s\u0142uchaczy lokalnych, jak i [&hellip;]<\/p>\n","protected":false},"author":1,"featured_media":14505,"comment_status":"closed","ping_status":"closed","sticky":false,"template":"","format":"standard","meta":{"ngg_post_thumbnail":0},"categories":[2],"tags":[],"_links":{"self":[{"href":"https:\/\/old.pta.med.pl\/index.php?rest_route=\/wp\/v2\/posts\/14504"}],"collection":[{"href":"https:\/\/old.pta.med.pl\/index.php?rest_route=\/wp\/v2\/posts"}],"about":[{"href":"https:\/\/old.pta.med.pl\/index.php?rest_route=\/wp\/v2\/types\/post"}],"author":[{"embeddable":true,"href":"https:\/\/old.pta.med.pl\/index.php?rest_route=\/wp\/v2\/users\/1"}],"replies":[{"embeddable":true,"href":"https:\/\/old.pta.med.pl\/index.php?rest_route=%2Fwp%2Fv2%2Fcomments&post=14504"}],"version-history":[{"count":1,"href":"https:\/\/old.pta.med.pl\/index.php?rest_route=\/wp\/v2\/posts\/14504\/revisions"}],"predecessor-version":[{"id":14506,"href":"https:\/\/old.pta.med.pl\/index.php?rest_route=\/wp\/v2\/posts\/14504\/revisions\/14506"}],"wp:featuredmedia":[{"embeddable":true,"href":"https:\/\/old.pta.med.pl\/index.php?rest_route=\/wp\/v2\/media\/14505"}],"wp:attachment":[{"href":"https:\/\/old.pta.med.pl\/index.php?rest_route=%2Fwp%2Fv2%2Fmedia&parent=14504"}],"wp:term":[{"taxonomy":"category","embeddable":true,"href":"https:\/\/old.pta.med.pl\/index.php?rest_route=%2Fwp%2Fv2%2Fcategories&post=14504"},{"taxonomy":"post_tag","embeddable":true,"href":"https:\/\/old.pta.med.pl\/index.php?rest_route=%2Fwp%2Fv2%2Ftags&post=14504"}],"curies":[{"name":"wp","href":"https:\/\/api.w.org\/{rel}","templated":true}]}}