{"id":14851,"date":"2021-10-20T11:43:12","date_gmt":"2021-10-20T09:43:12","guid":{"rendered":"https:\/\/www.pta.med.pl\/?p=14851"},"modified":"2021-10-20T11:45:44","modified_gmt":"2021-10-20T09:45:44","slug":"miedzynarodowy-dzien-mastocytozy-i-chorob-komorek-tucznych-20-pazdziernika","status":"publish","type":"post","link":"https:\/\/old.pta.med.pl\/?p=14851","title":{"rendered":"Mi\u0119dzynarodowy Dzie\u0144 Mastocytozy i Chor\u00f3b Kom\u00f3rek Tucznych 20 pa\u017adziernika"},"content":{"rendered":"<div class=\"o9v6fnle cxmmr5t8 oygrvhab hcukyx3x c1et5uql ii04i59q\">Z okazji obchodzonego 20 pa\u017adziernika Mi\u0119dzynarodowego dnia mastocytozy i chor\u00f3b kom\u00f3rek tucznych sk\u0142adamy serdeczne \u017cyczenia dla wszystkich chorych na mastocytoz\u0119 i&nbsp; zesp\u00f3\u0142 aktywacji kom\u00f3rek tucznych (MCAS).<\/div>\n<div class=\"o9v6fnle cxmmr5t8 oygrvhab hcukyx3x c1et5uql ii04i59q\">\n<div dir=\"auto\">\n<p>Problemami chorych zajmuje si\u0119 powo\u0142ana w tym roku Sekcja Anafilaksji, alergii na jady owad\u00f3w i mastocytoz\u0119 PTA<\/p>\n<p><a href=\"https:\/\/www.pta.med.pl\/o-nas\/sekcje-problemowe\/\" target=\"_blank\" rel=\"noopener\">https:\/\/www.pta.med.pl\/o-nas\/sekcje-problemowe\/<\/a><\/p>\n<p>Chorzy na mastocytoz\u0119 zrzeszeni s\u0105 w Stowarzyszeniu Chorych na mastocytoz\u0119 <a href=\"http:\/\/www.mastocytoza.pl\/\" target=\"_blank\" rel=\"noopener\">http:\/\/www.mastocytoza.pl\/<\/a>&nbsp;<\/p>\n<p><a href=\"https:\/\/www.pta.med.pl\/wp-content\/uploads\/SCnM.png\"><img class=\"alignleft size-full wp-image-14855\" src=\"https:\/\/www.pta.med.pl\/wp-content\/uploads\/SCnM.png\" alt=\"\" width=\"1386\" height=\"333\" srcset=\"https:\/\/old.pta.med.pl\/wp-content\/uploads\/SCnM-200x48.png 200w, https:\/\/old.pta.med.pl\/wp-content\/uploads\/SCnM-400x96.png 400w, https:\/\/old.pta.med.pl\/wp-content\/uploads\/SCnM-500x120.png 500w, https:\/\/old.pta.med.pl\/wp-content\/uploads\/SCnM-600x144.png 600w, https:\/\/old.pta.med.pl\/wp-content\/uploads\/SCnM-768x185.png 768w, https:\/\/old.pta.med.pl\/wp-content\/uploads\/SCnM-800x192.png 800w, https:\/\/old.pta.med.pl\/wp-content\/uploads\/SCnM-1200x288.png 1200w, https:\/\/old.pta.med.pl\/wp-content\/uploads\/SCnM.png 1386w\" sizes=\"(max-width: 1386px) 100vw, 1386px\" \/><\/a><\/p>\n<\/div>\n<\/div>\n<p>&nbsp;<\/p>\n","protected":false},"excerpt":{"rendered":"<p>Z okazji obchodzonego 20 pa\u017adziernika Mi\u0119dzynarodowego dnia mastocytozy i chor\u00f3b kom\u00f3rek tucznych sk\u0142adamy serdeczne \u017cyczenia dla wszystkich chorych na mastocytoz\u0119 i&nbsp; zesp\u00f3\u0142 aktywacji kom\u00f3rek tucznych (MCAS). Problemami chorych zajmuje si\u0119 powo\u0142ana w tym roku Sekcja Anafilaksji, alergii na jady owad\u00f3w i mastocytoz\u0119 PTA https:\/\/www.pta.med.pl\/o-nas\/sekcje-problemowe\/ Chorzy na mastocytoz\u0119 zrzeszeni s\u0105 w Stowarzyszeniu Chorych na mastocytoz\u0119 http:\/\/www.mastocytoza.pl\/&nbsp; [&hellip;]<\/p>\n","protected":false},"author":1,"featured_media":14852,"comment_status":"closed","ping_status":"closed","sticky":false,"template":"","format":"standard","meta":{"ngg_post_thumbnail":0},"categories":[2],"tags":[],"_links":{"self":[{"href":"https:\/\/old.pta.med.pl\/index.php?rest_route=\/wp\/v2\/posts\/14851"}],"collection":[{"href":"https:\/\/old.pta.med.pl\/index.php?rest_route=\/wp\/v2\/posts"}],"about":[{"href":"https:\/\/old.pta.med.pl\/index.php?rest_route=\/wp\/v2\/types\/post"}],"author":[{"embeddable":true,"href":"https:\/\/old.pta.med.pl\/index.php?rest_route=\/wp\/v2\/users\/1"}],"replies":[{"embeddable":true,"href":"https:\/\/old.pta.med.pl\/index.php?rest_route=%2Fwp%2Fv2%2Fcomments&post=14851"}],"version-history":[{"count":4,"href":"https:\/\/old.pta.med.pl\/index.php?rest_route=\/wp\/v2\/posts\/14851\/revisions"}],"predecessor-version":[{"id":14857,"href":"https:\/\/old.pta.med.pl\/index.php?rest_route=\/wp\/v2\/posts\/14851\/revisions\/14857"}],"wp:featuredmedia":[{"embeddable":true,"href":"https:\/\/old.pta.med.pl\/index.php?rest_route=\/wp\/v2\/media\/14852"}],"wp:attachment":[{"href":"https:\/\/old.pta.med.pl\/index.php?rest_route=%2Fwp%2Fv2%2Fmedia&parent=14851"}],"wp:term":[{"taxonomy":"category","embeddable":true,"href":"https:\/\/old.pta.med.pl\/index.php?rest_route=%2Fwp%2Fv2%2Fcategories&post=14851"},{"taxonomy":"post_tag","embeddable":true,"href":"https:\/\/old.pta.med.pl\/index.php?rest_route=%2Fwp%2Fv2%2Ftags&post=14851"}],"curies":[{"name":"wp","href":"https:\/\/api.w.org\/{rel}","templated":true}]}}