{"id":14877,"date":"2021-10-27T15:45:54","date_gmt":"2021-10-27T13:45:54","guid":{"rendered":"https:\/\/www.pta.med.pl\/?p=14877"},"modified":"2021-10-27T15:47:12","modified_gmt":"2021-10-27T13:47:12","slug":"czy-zmiana-klimatu-wplywa-na-rozwoj-alergii","status":"publish","type":"post","link":"https:\/\/old.pta.med.pl\/?p=14877","title":{"rendered":"Czy zmiana klimatu wp\u0142ywa na rozw\u00f3j alergii?"},"content":{"rendered":"<p>Choroby alergiczne tak\u017ce ewoluuj\u0105. Mamy coraz wi\u0119cej alergii pokarmowych i&nbsp;wynikaj\u0105cych z&nbsp;tego ci\u0119\u017ckich jej postaci. Pojawiaj\u0105 si\u0119 w&nbsp;Polsce nowe owady, np. klecanki, kt\u00f3rych u\u017c\u0105dlenia mog\u0105 powodowa\u0107 wstrz\u0105sy anafilaktyczne \u2013 w wywiadzie dla Pulsu Medycyny wsp\u00f3\u0142czesne zagro\u017cenia wymienia prof. Maciej Kupczyk, Prezydent Polskiego Towarzystwa Alergologicznego.<\/p>\n<p><a href=\"https:\/\/pulsmedycyny.pl\/czy-zmiana-klimatu-wplywa-na-rozwoj-alergii-1131688\" target=\"_blank\" rel=\"noopener\">https:\/\/pulsmedycyny.pl\/czy-zmiana-klimatu-wplywa-na-rozwoj-alergii-1131688<\/a><\/p>\n<p>&nbsp;<\/p>\n<p><a href=\"https:\/\/www.pta.med.pl\/wp-content\/uploads\/zmiany-klimatu.jpg\"><img class=\"alignleft size-full wp-image-14878\" src=\"https:\/\/www.pta.med.pl\/wp-content\/uploads\/zmiany-klimatu.jpg\" alt=\"\" width=\"600\" height=\"400\" srcset=\"https:\/\/old.pta.med.pl\/wp-content\/uploads\/zmiany-klimatu-200x133.jpg 200w, https:\/\/old.pta.med.pl\/wp-content\/uploads\/zmiany-klimatu-400x267.jpg 400w, https:\/\/old.pta.med.pl\/wp-content\/uploads\/zmiany-klimatu-500x333.jpg 500w, https:\/\/old.pta.med.pl\/wp-content\/uploads\/zmiany-klimatu.jpg 600w\" sizes=\"(max-width: 600px) 100vw, 600px\" \/><\/a><\/p>\n","protected":false},"excerpt":{"rendered":"<p>Choroby alergiczne tak\u017ce ewoluuj\u0105. Mamy coraz wi\u0119cej alergii pokarmowych i&nbsp;wynikaj\u0105cych z&nbsp;tego ci\u0119\u017ckich jej postaci. Pojawiaj\u0105 si\u0119 w&nbsp;Polsce nowe owady, np. klecanki, kt\u00f3rych u\u017c\u0105dlenia mog\u0105 powodowa\u0107 wstrz\u0105sy anafilaktyczne \u2013 w wywiadzie dla Pulsu Medycyny wsp\u00f3\u0142czesne zagro\u017cenia wymienia prof. Maciej Kupczyk, Prezydent Polskiego Towarzystwa Alergologicznego. https:\/\/pulsmedycyny.pl\/czy-zmiana-klimatu-wplywa-na-rozwoj-alergii-1131688 &nbsp;<\/p>\n","protected":false},"author":1,"featured_media":14878,"comment_status":"closed","ping_status":"closed","sticky":false,"template":"","format":"standard","meta":{"ngg_post_thumbnail":0},"categories":[3],"tags":[],"_links":{"self":[{"href":"https:\/\/old.pta.med.pl\/index.php?rest_route=\/wp\/v2\/posts\/14877"}],"collection":[{"href":"https:\/\/old.pta.med.pl\/index.php?rest_route=\/wp\/v2\/posts"}],"about":[{"href":"https:\/\/old.pta.med.pl\/index.php?rest_route=\/wp\/v2\/types\/post"}],"author":[{"embeddable":true,"href":"https:\/\/old.pta.med.pl\/index.php?rest_route=\/wp\/v2\/users\/1"}],"replies":[{"embeddable":true,"href":"https:\/\/old.pta.med.pl\/index.php?rest_route=%2Fwp%2Fv2%2Fcomments&post=14877"}],"version-history":[{"count":2,"href":"https:\/\/old.pta.med.pl\/index.php?rest_route=\/wp\/v2\/posts\/14877\/revisions"}],"predecessor-version":[{"id":14880,"href":"https:\/\/old.pta.med.pl\/index.php?rest_route=\/wp\/v2\/posts\/14877\/revisions\/14880"}],"wp:featuredmedia":[{"embeddable":true,"href":"https:\/\/old.pta.med.pl\/index.php?rest_route=\/wp\/v2\/media\/14878"}],"wp:attachment":[{"href":"https:\/\/old.pta.med.pl\/index.php?rest_route=%2Fwp%2Fv2%2Fmedia&parent=14877"}],"wp:term":[{"taxonomy":"category","embeddable":true,"href":"https:\/\/old.pta.med.pl\/index.php?rest_route=%2Fwp%2Fv2%2Fcategories&post=14877"},{"taxonomy":"post_tag","embeddable":true,"href":"https:\/\/old.pta.med.pl\/index.php?rest_route=%2Fwp%2Fv2%2Ftags&post=14877"}],"curies":[{"name":"wp","href":"https:\/\/api.w.org\/{rel}","templated":true}]}}