{"id":14893,"date":"2021-11-02T12:24:05","date_gmt":"2021-11-02T11:24:05","guid":{"rendered":"https:\/\/www.pta.med.pl\/?p=14893"},"modified":"2021-11-19T11:47:38","modified_gmt":"2021-11-19T10:47:38","slug":"spotkanie-ekspertow-pta-poswiecone-dostepnosci-adrenaliny-w-placowkach-oswiatowych","status":"publish","type":"post","link":"https:\/\/old.pta.med.pl\/?p=14893","title":{"rendered":"Spotkanie ekspert\u00f3w PTA po\u015bwi\u0119cone dost\u0119pno\u015bci adrenaliny w plac\u00f3wkach o\u015bwiatowych"},"content":{"rendered":"<p>W dniu 28 pa\u017adziernika 2021 r. odby\u0142o si\u0119 spotkanie on-line ekspert\u00f3w PTA i przedstawicielek Fundacji Allergia po\u015bwi\u0119cone dost\u0119pno\u015bci adrenaliny w plac\u00f3wkach o\u015bwiatowych. Wsp\u00f3lnymi si\u0142ami b\u0119dziemy dzia\u0142a\u0107 na rzecz najm\u0142odszych zagro\u017conych wstrz\u0105sem anafilaktycznym \u2013 na gruncie prawnym i medycznym. Szczeg\u00f3\u0142y ju\u017c wkr\u00f3tce!<img class=\"size-full wp-image-14885 alignleft\" src=\"https:\/\/www.pta.med.pl\/wp-content\/uploads\/spotkanie-ekspertow-pta.jpg\" alt=\"\" width=\"773\" height=\"412\" srcset=\"https:\/\/old.pta.med.pl\/wp-content\/uploads\/spotkanie-ekspertow-pta-200x107.jpg 200w, https:\/\/old.pta.med.pl\/wp-content\/uploads\/spotkanie-ekspertow-pta-400x213.jpg 400w, https:\/\/old.pta.med.pl\/wp-content\/uploads\/spotkanie-ekspertow-pta-500x266.jpg 500w, https:\/\/old.pta.med.pl\/wp-content\/uploads\/spotkanie-ekspertow-pta-600x320.jpg 600w, https:\/\/old.pta.med.pl\/wp-content\/uploads\/spotkanie-ekspertow-pta-768x409.jpg 768w, https:\/\/old.pta.med.pl\/wp-content\/uploads\/spotkanie-ekspertow-pta.jpg 773w\" sizes=\"(max-width: 773px) 100vw, 773px\" \/><\/p>\n","protected":false},"excerpt":{"rendered":"<p>W dniu 28 pa\u017adziernika 2021 r. odby\u0142o si\u0119 spotkanie on-line ekspert\u00f3w PTA i przedstawicielek Fundacji Allergia po\u015bwi\u0119cone dost\u0119pno\u015bci adrenaliny w plac\u00f3wkach o\u015bwiatowych. Wsp\u00f3lnymi si\u0142ami b\u0119dziemy dzia\u0142a\u0107 na rzecz najm\u0142odszych zagro\u017conych wstrz\u0105sem anafilaktycznym \u2013 na gruncie prawnym i medycznym. Szczeg\u00f3\u0142y ju\u017c wkr\u00f3tce!<\/p>\n","protected":false},"author":1,"featured_media":14886,"comment_status":"closed","ping_status":"closed","sticky":false,"template":"","format":"standard","meta":{"ngg_post_thumbnail":0},"categories":[2],"tags":[],"_links":{"self":[{"href":"https:\/\/old.pta.med.pl\/index.php?rest_route=\/wp\/v2\/posts\/14893"}],"collection":[{"href":"https:\/\/old.pta.med.pl\/index.php?rest_route=\/wp\/v2\/posts"}],"about":[{"href":"https:\/\/old.pta.med.pl\/index.php?rest_route=\/wp\/v2\/types\/post"}],"author":[{"embeddable":true,"href":"https:\/\/old.pta.med.pl\/index.php?rest_route=\/wp\/v2\/users\/1"}],"replies":[{"embeddable":true,"href":"https:\/\/old.pta.med.pl\/index.php?rest_route=%2Fwp%2Fv2%2Fcomments&post=14893"}],"version-history":[{"count":2,"href":"https:\/\/old.pta.med.pl\/index.php?rest_route=\/wp\/v2\/posts\/14893\/revisions"}],"predecessor-version":[{"id":14896,"href":"https:\/\/old.pta.med.pl\/index.php?rest_route=\/wp\/v2\/posts\/14893\/revisions\/14896"}],"wp:featuredmedia":[{"embeddable":true,"href":"https:\/\/old.pta.med.pl\/index.php?rest_route=\/wp\/v2\/media\/14886"}],"wp:attachment":[{"href":"https:\/\/old.pta.med.pl\/index.php?rest_route=%2Fwp%2Fv2%2Fmedia&parent=14893"}],"wp:term":[{"taxonomy":"category","embeddable":true,"href":"https:\/\/old.pta.med.pl\/index.php?rest_route=%2Fwp%2Fv2%2Fcategories&post=14893"},{"taxonomy":"post_tag","embeddable":true,"href":"https:\/\/old.pta.med.pl\/index.php?rest_route=%2Fwp%2Fv2%2Ftags&post=14893"}],"curies":[{"name":"wp","href":"https:\/\/api.w.org\/{rel}","templated":true}]}}