{"id":14942,"date":"2021-11-19T11:45:23","date_gmt":"2021-11-19T10:45:23","guid":{"rendered":"https:\/\/www.pta.med.pl\/?p=14942"},"modified":"2021-11-19T11:45:23","modified_gmt":"2021-11-19T10:45:23","slug":"spotkanie-ekspertow-pta-poswiecone-dostepnosci-adrenaliny-w-placowkach-oswiatowych-3","status":"publish","type":"post","link":"https:\/\/old.pta.med.pl\/?p=14942","title":{"rendered":"I spotkanie Prezydium Koalicji na rzecz Leczenia Astmy"},"content":{"rendered":"<p>18 listopada w Warszawie odby\u0142o si\u0119 pierwsze spotkanie Prezydium Koalicji na rzecz Leczenia Astmy, kt\u00f3rej liderem jest Polskie Towarzystwo Alergologiczne. W spotkaniu uczestniczyli przedstawiciele s\u0142u\u017cby zdrowia w tym reprezentanci PTA, konsultanci krajowi, szefowie towarzystw lekarskich, eksperci organizacji opieki zdrowotnej i zdrowia publicznego, przedstawiciele organizacji pacjenckich, a tak\u017ce sektora farmaceutycznego.<\/p>\n<p>W trakcie dyskusji eksperci przedstawili pomys\u0142y wykorzystania narz\u0119dzia e-recepty do monitorowania stosowania lek\u00f3w przez pacjent\u00f3w z astm\u0105, aktualizacji i promocji wytycznych leczenia astmy w\u015br\u00f3d personelu medycznego (zw\u0142aszcza lekarzy POZ i rodzinnych), dotarcia z za\u0142o\u017ceniami Koalicji do decydent\u00f3w ochrony zdrowia i jak najszerszych kr\u0119g\u00f3w spo\u0142ecznych, w tym przede wszystkim pacjent\u00f3w.<\/p>\n<p>Strona internetowa Koalicji na rzecz Leczenia Astmy: <a href=\"https:\/\/koalicja.pta.med.pl\/\" target=\"_blank\" rel=\"noopener\">https:\/\/koalicja.pta.med.pl\/<\/a><\/p>\n<p>Raport \u201eAstma oskrzelowa \u2013 nowy model zarz\u0105dzania chorob\u0105 nakierowany na wzrost warto\u015bci zdrowotnej\u201d: <a href=\"https:\/\/koalicja.pta.med.pl\/wp-content\/Astma_Raport_FINAL.pdf\" target=\"_blank\" rel=\"noopener\">https:\/\/koalicja.pta.med.pl\/wp-content\/Astma_Raport_FINAL.pdf<\/a><\/p>\n<p>Galeria spotkania: <a href=\"https:\/\/koalicja.pta.med.pl\/wydarzenia\/i-spotkanie-prezydium\/\" target=\"_blank\" rel=\"noopener\">https:\/\/koalicja.pta.med.pl\/wydarzenia\/i-spotkanie-prezydium\/<\/a><\/p>\n<p><img class=\"alignnone size-full wp-image-14943\" src=\"https:\/\/www.pta.med.pl\/wp-content\/uploads\/I-spotkanie-post.png\" alt=\"\" width=\"600\" height=\"400\" srcset=\"https:\/\/old.pta.med.pl\/wp-content\/uploads\/I-spotkanie-post-200x133.png 200w, https:\/\/old.pta.med.pl\/wp-content\/uploads\/I-spotkanie-post-400x267.png 400w, https:\/\/old.pta.med.pl\/wp-content\/uploads\/I-spotkanie-post-500x333.png 500w, https:\/\/old.pta.med.pl\/wp-content\/uploads\/I-spotkanie-post.png 600w\" sizes=\"(max-width: 600px) 100vw, 600px\" \/><\/p>\n","protected":false},"excerpt":{"rendered":"<p>18 listopada w Warszawie odby\u0142o si\u0119 pierwsze spotkanie Prezydium Koalicji na rzecz Leczenia Astmy, kt\u00f3rej liderem jest Polskie Towarzystwo Alergologiczne. W spotkaniu uczestniczyli przedstawiciele s\u0142u\u017cby zdrowia w tym reprezentanci PTA, konsultanci krajowi, szefowie towarzystw lekarskich, eksperci organizacji opieki zdrowotnej i zdrowia publicznego, przedstawiciele organizacji pacjenckich, a tak\u017ce sektora farmaceutycznego. W trakcie dyskusji eksperci przedstawili pomys\u0142y [&hellip;]<\/p>\n","protected":false},"author":1,"featured_media":14943,"comment_status":"closed","ping_status":"closed","sticky":false,"template":"","format":"standard","meta":{"ngg_post_thumbnail":0},"categories":[2],"tags":[],"_links":{"self":[{"href":"https:\/\/old.pta.med.pl\/index.php?rest_route=\/wp\/v2\/posts\/14942"}],"collection":[{"href":"https:\/\/old.pta.med.pl\/index.php?rest_route=\/wp\/v2\/posts"}],"about":[{"href":"https:\/\/old.pta.med.pl\/index.php?rest_route=\/wp\/v2\/types\/post"}],"author":[{"embeddable":true,"href":"https:\/\/old.pta.med.pl\/index.php?rest_route=\/wp\/v2\/users\/1"}],"replies":[{"embeddable":true,"href":"https:\/\/old.pta.med.pl\/index.php?rest_route=%2Fwp%2Fv2%2Fcomments&post=14942"}],"version-history":[{"count":1,"href":"https:\/\/old.pta.med.pl\/index.php?rest_route=\/wp\/v2\/posts\/14942\/revisions"}],"predecessor-version":[{"id":14944,"href":"https:\/\/old.pta.med.pl\/index.php?rest_route=\/wp\/v2\/posts\/14942\/revisions\/14944"}],"wp:featuredmedia":[{"embeddable":true,"href":"https:\/\/old.pta.med.pl\/index.php?rest_route=\/wp\/v2\/media\/14943"}],"wp:attachment":[{"href":"https:\/\/old.pta.med.pl\/index.php?rest_route=%2Fwp%2Fv2%2Fmedia&parent=14942"}],"wp:term":[{"taxonomy":"category","embeddable":true,"href":"https:\/\/old.pta.med.pl\/index.php?rest_route=%2Fwp%2Fv2%2Fcategories&post=14942"},{"taxonomy":"post_tag","embeddable":true,"href":"https:\/\/old.pta.med.pl\/index.php?rest_route=%2Fwp%2Fv2%2Ftags&post=14942"}],"curies":[{"name":"wp","href":"https:\/\/api.w.org\/{rel}","templated":true}]}}