{"id":14964,"date":"2021-12-07T08:13:11","date_gmt":"2021-12-07T07:13:11","guid":{"rendered":"https:\/\/www.pta.med.pl\/?p=14964"},"modified":"2021-12-07T08:13:11","modified_gmt":"2021-12-07T07:13:11","slug":"czy-zmiana-klimatu-wplywa-na-rozwoj-alergii-2","status":"publish","type":"post","link":"https:\/\/old.pta.med.pl\/?p=14964","title":{"rendered":"Prof. Marek Kulus: kontrola astmy u polskich pacjent\u00f3w jest niewystarczaj\u0105ca"},"content":{"rendered":"<p>Przez lata w\u00a0naj\u0142agodniejszych postaciach astmy bazowali\u015bmy cz\u0119sto na\u00a0lekach dzia\u0142aj\u0105cych wy\u0142\u0105cznie objawowo. Teraz ka\u017cda interwencja dora\u017ana powinna by\u0107 \u0142\u0105czona z\u00a0poda\u017c\u0105 leku przeciwzapalnego &#8211; m\u00f3wi prof. Marek Kulus w\u00a0rozmowie z Pulsem Medycyny na\u00a0temat standard\u00f3w diagnostyki i\u00a0leczenia astmy, a\u00a0tak\u017ce priorytet\u00f3w powo\u0142anej niedawno Koalicji na\u00a0Rzecz Leczenia Astmy.<\/p>\n<p><a href=\"https:\/\/pulsmedycyny.pl\/prof-marek-kulus-kontrola-astmy-u-polskich-pacjentow-jest-niewystarczajaca-1135373\" target=\"_blank\" rel=\"noopener\">https:\/\/pulsmedycyny.pl\/prof-marek-kulus-kontrola-astmy-u-polskich-pacjentow-jest-niewystarczajaca-1135373<\/a><\/p>\n<p>&nbsp;<\/p>\n","protected":false},"excerpt":{"rendered":"<p>Przez lata w\u00a0naj\u0142agodniejszych postaciach astmy bazowali\u015bmy cz\u0119sto na\u00a0lekach dzia\u0142aj\u0105cych wy\u0142\u0105cznie objawowo. Teraz ka\u017cda interwencja dora\u017ana powinna by\u0107 \u0142\u0105czona z\u00a0poda\u017c\u0105 leku przeciwzapalnego &#8211; m\u00f3wi prof. Marek Kulus w\u00a0rozmowie z Pulsem Medycyny na\u00a0temat standard\u00f3w diagnostyki i\u00a0leczenia astmy, a\u00a0tak\u017ce priorytet\u00f3w powo\u0142anej niedawno Koalicji na\u00a0Rzecz Leczenia Astmy. https:\/\/pulsmedycyny.pl\/prof-marek-kulus-kontrola-astmy-u-polskich-pacjentow-jest-niewystarczajaca-1135373 &nbsp;<\/p>\n","protected":false},"author":1,"featured_media":12833,"comment_status":"closed","ping_status":"closed","sticky":false,"template":"","format":"standard","meta":{"ngg_post_thumbnail":0},"categories":[3],"tags":[],"_links":{"self":[{"href":"https:\/\/old.pta.med.pl\/index.php?rest_route=\/wp\/v2\/posts\/14964"}],"collection":[{"href":"https:\/\/old.pta.med.pl\/index.php?rest_route=\/wp\/v2\/posts"}],"about":[{"href":"https:\/\/old.pta.med.pl\/index.php?rest_route=\/wp\/v2\/types\/post"}],"author":[{"embeddable":true,"href":"https:\/\/old.pta.med.pl\/index.php?rest_route=\/wp\/v2\/users\/1"}],"replies":[{"embeddable":true,"href":"https:\/\/old.pta.med.pl\/index.php?rest_route=%2Fwp%2Fv2%2Fcomments&post=14964"}],"version-history":[{"count":1,"href":"https:\/\/old.pta.med.pl\/index.php?rest_route=\/wp\/v2\/posts\/14964\/revisions"}],"predecessor-version":[{"id":14965,"href":"https:\/\/old.pta.med.pl\/index.php?rest_route=\/wp\/v2\/posts\/14964\/revisions\/14965"}],"wp:featuredmedia":[{"embeddable":true,"href":"https:\/\/old.pta.med.pl\/index.php?rest_route=\/wp\/v2\/media\/12833"}],"wp:attachment":[{"href":"https:\/\/old.pta.med.pl\/index.php?rest_route=%2Fwp%2Fv2%2Fmedia&parent=14964"}],"wp:term":[{"taxonomy":"category","embeddable":true,"href":"https:\/\/old.pta.med.pl\/index.php?rest_route=%2Fwp%2Fv2%2Fcategories&post=14964"},{"taxonomy":"post_tag","embeddable":true,"href":"https:\/\/old.pta.med.pl\/index.php?rest_route=%2Fwp%2Fv2%2Ftags&post=14964"}],"curies":[{"name":"wp","href":"https:\/\/api.w.org\/{rel}","templated":true}]}}