{"id":14982,"date":"2021-12-14T10:50:50","date_gmt":"2021-12-14T09:50:50","guid":{"rendered":"https:\/\/www.pta.med.pl\/?p=14982"},"modified":"2021-12-14T11:10:03","modified_gmt":"2021-12-14T10:10:03","slug":"przewodniczacy-kapituly-ds-nadawania-godnosci-czlonka-honorowego-pta-2-2","status":"publish","type":"post","link":"https:\/\/old.pta.med.pl\/?p=14982","title":{"rendered":"Spotkanie Ekspert\u00f3w po\u015bwi\u0119cone przysz\u0142o\u015bci polskiej alergologii"},"content":{"rendered":"<p>30 listopada odby\u0142o si\u0119 Spotkanie Ekspert\u00f3w po\u015bwi\u0119cone przysz\u0142o\u015bci polskiej alergologii, w kt\u00f3rym udzia\u0142 wzi\u0119li cz\u0142onkowie Zarz\u0105du G\u0142\u00f3wnego PTA, Przewodnicz\u0105cy Sekcji Problemowych i Oddzia\u0142\u00f3w Regionalnych PTA, a tak\u017ce zaproszeni go\u015bcie.<\/p>\n<p>W toku prezentacji ekspert\u00f3w i dyskusji poruszono nast\u0119puj\u0105ce w\u0105tki:<\/p>\n<ul>\n<li>status i przysz\u0142o\u015b\u0107 alergologii jako specjalizacji,<\/li>\n<li>profil pacjenta alergologicznego i miejsca leczenia (ambulatoryjne vs hospitalizacja),<\/li>\n<li>wp\u0142yw pandemii na organizacj\u0119 lecznictwa alergologicznego w Polsce,<\/li>\n<li>zmiany w kszta\u0142ceniu alergolog\u00f3w oraz ich profilu demograficznym,<\/li>\n<li>konieczno\u015b\u0107 promocji medialnej alergologii jako wa\u017cnej spo\u0142ecznie specjalizacji.<\/li>\n<\/ul>\n<p>Wnioski ze Spotkania Ekspert\u00f3w b\u0119d\u0105 stanowi\u0142y wytyczne dla w\u0142adz Towarzystwa w przysz\u0142o\u015bci.<br \/>\nKolejne tego typu dyskusje po\u015bwi\u0119cone roli alergologii odb\u0119d\u0105 si\u0119 w 2022 roku.<\/p>\n<p>&nbsp;<\/p>\n","protected":false},"excerpt":{"rendered":"<p>30 listopada odby\u0142o si\u0119 Spotkanie Ekspert\u00f3w po\u015bwi\u0119cone przysz\u0142o\u015bci polskiej alergologii, w kt\u00f3rym udzia\u0142 wzi\u0119li cz\u0142onkowie Zarz\u0105du G\u0142\u00f3wnego PTA, Przewodnicz\u0105cy Sekcji Problemowych i Oddzia\u0142\u00f3w Regionalnych PTA, a tak\u017ce zaproszeni go\u015bcie. W toku prezentacji ekspert\u00f3w i dyskusji poruszono nast\u0119puj\u0105ce w\u0105tki: status i przysz\u0142o\u015b\u0107 alergologii jako specjalizacji, profil pacjenta alergologicznego i miejsca leczenia (ambulatoryjne vs hospitalizacja), wp\u0142yw pandemii [&hellip;]<\/p>\n","protected":false},"author":1,"featured_media":14983,"comment_status":"closed","ping_status":"closed","sticky":false,"template":"","format":"standard","meta":{"ngg_post_thumbnail":0},"categories":[2],"tags":[],"_links":{"self":[{"href":"https:\/\/old.pta.med.pl\/index.php?rest_route=\/wp\/v2\/posts\/14982"}],"collection":[{"href":"https:\/\/old.pta.med.pl\/index.php?rest_route=\/wp\/v2\/posts"}],"about":[{"href":"https:\/\/old.pta.med.pl\/index.php?rest_route=\/wp\/v2\/types\/post"}],"author":[{"embeddable":true,"href":"https:\/\/old.pta.med.pl\/index.php?rest_route=\/wp\/v2\/users\/1"}],"replies":[{"embeddable":true,"href":"https:\/\/old.pta.med.pl\/index.php?rest_route=%2Fwp%2Fv2%2Fcomments&post=14982"}],"version-history":[{"count":1,"href":"https:\/\/old.pta.med.pl\/index.php?rest_route=\/wp\/v2\/posts\/14982\/revisions"}],"predecessor-version":[{"id":14984,"href":"https:\/\/old.pta.med.pl\/index.php?rest_route=\/wp\/v2\/posts\/14982\/revisions\/14984"}],"wp:featuredmedia":[{"embeddable":true,"href":"https:\/\/old.pta.med.pl\/index.php?rest_route=\/wp\/v2\/media\/14983"}],"wp:attachment":[{"href":"https:\/\/old.pta.med.pl\/index.php?rest_route=%2Fwp%2Fv2%2Fmedia&parent=14982"}],"wp:term":[{"taxonomy":"category","embeddable":true,"href":"https:\/\/old.pta.med.pl\/index.php?rest_route=%2Fwp%2Fv2%2Fcategories&post=14982"},{"taxonomy":"post_tag","embeddable":true,"href":"https:\/\/old.pta.med.pl\/index.php?rest_route=%2Fwp%2Fv2%2Ftags&post=14982"}],"curies":[{"name":"wp","href":"https:\/\/api.w.org\/{rel}","templated":true}]}}