{"id":14985,"date":"2021-12-14T11:47:18","date_gmt":"2021-12-14T10:47:18","guid":{"rendered":"https:\/\/www.pta.med.pl\/?p=14985"},"modified":"2021-12-14T11:47:18","modified_gmt":"2021-12-14T10:47:18","slug":"czy-zmiana-klimatu-wplywa-na-rozwoj-alergii-2-2","status":"publish","type":"post","link":"https:\/\/old.pta.med.pl\/?p=14985","title":{"rendered":"Astma sta\u0142a si\u0119 chorob\u0105 spo\u0142eczn\u0105, jej leczenie wymaga pilnych zmian systemowych"},"content":{"rendered":"<p>Astma ze wzgl\u0119du na wysoki wska\u017anik zachorowalno\u015bci staje si\u0119 chorob\u0105 spo\u0142eczn\u0105, a wzrost zapadalno\u015bci na ni\u0105 wpisuje si\u0119 w trend epidemii chor\u00f3b alergicznych. Jako choroba przewlek\u0142a, towarzyszy choremu przez ca\u0142e \u017cycie, stanowi\u0105c istotne obci\u0105\u017cenie dla niego, jego rodziny, jak i dla system\u00f3w opieki zdrowotnej.<\/p>\n<p><a href=\"https:\/\/www.rynekzdrowia.pl\/Uslugi-medyczne\/Eksperci-astma-stala-sie-choroba-spoleczna-jej-leczenie-wymaga-pilnych-zmian-systemowych,227783,8.html\" target=\"_blank\" rel=\"noopener\">https:\/\/www.rynekzdrowia.pl\/Uslugi-medyczne\/Eksperci-astma-stala-sie-choroba-spoleczna-jej-leczenie-wymaga-pilnych-zmian-systemowych,227783,8.html<\/a><\/p>\n<p>&nbsp;<\/p>\n","protected":false},"excerpt":{"rendered":"<p>Astma ze wzgl\u0119du na wysoki wska\u017anik zachorowalno\u015bci staje si\u0119 chorob\u0105 spo\u0142eczn\u0105, a wzrost zapadalno\u015bci na ni\u0105 wpisuje si\u0119 w trend epidemii chor\u00f3b alergicznych. Jako choroba przewlek\u0142a, towarzyszy choremu przez ca\u0142e \u017cycie, stanowi\u0105c istotne obci\u0105\u017cenie dla niego, jego rodziny, jak i dla system\u00f3w opieki zdrowotnej. https:\/\/www.rynekzdrowia.pl\/Uslugi-medyczne\/Eksperci-astma-stala-sie-choroba-spoleczna-jej-leczenie-wymaga-pilnych-zmian-systemowych,227783,8.html &nbsp;<\/p>\n","protected":false},"author":1,"featured_media":14986,"comment_status":"closed","ping_status":"closed","sticky":false,"template":"","format":"standard","meta":{"ngg_post_thumbnail":0},"categories":[3],"tags":[],"_links":{"self":[{"href":"https:\/\/old.pta.med.pl\/index.php?rest_route=\/wp\/v2\/posts\/14985"}],"collection":[{"href":"https:\/\/old.pta.med.pl\/index.php?rest_route=\/wp\/v2\/posts"}],"about":[{"href":"https:\/\/old.pta.med.pl\/index.php?rest_route=\/wp\/v2\/types\/post"}],"author":[{"embeddable":true,"href":"https:\/\/old.pta.med.pl\/index.php?rest_route=\/wp\/v2\/users\/1"}],"replies":[{"embeddable":true,"href":"https:\/\/old.pta.med.pl\/index.php?rest_route=%2Fwp%2Fv2%2Fcomments&post=14985"}],"version-history":[{"count":1,"href":"https:\/\/old.pta.med.pl\/index.php?rest_route=\/wp\/v2\/posts\/14985\/revisions"}],"predecessor-version":[{"id":14987,"href":"https:\/\/old.pta.med.pl\/index.php?rest_route=\/wp\/v2\/posts\/14985\/revisions\/14987"}],"wp:featuredmedia":[{"embeddable":true,"href":"https:\/\/old.pta.med.pl\/index.php?rest_route=\/wp\/v2\/media\/14986"}],"wp:attachment":[{"href":"https:\/\/old.pta.med.pl\/index.php?rest_route=%2Fwp%2Fv2%2Fmedia&parent=14985"}],"wp:term":[{"taxonomy":"category","embeddable":true,"href":"https:\/\/old.pta.med.pl\/index.php?rest_route=%2Fwp%2Fv2%2Fcategories&post=14985"},{"taxonomy":"post_tag","embeddable":true,"href":"https:\/\/old.pta.med.pl\/index.php?rest_route=%2Fwp%2Fv2%2Ftags&post=14985"}],"curies":[{"name":"wp","href":"https:\/\/api.w.org\/{rel}","templated":true}]}}