{"id":15003,"date":"2021-12-20T07:41:48","date_gmt":"2021-12-20T06:41:48","guid":{"rendered":"https:\/\/www.pta.med.pl\/?p=15003"},"modified":"2021-12-20T07:41:48","modified_gmt":"2021-12-20T06:41:48","slug":"czy-zmiana-klimatu-wplywa-na-rozwoj-alergii-2-2-2","status":"publish","type":"post","link":"https:\/\/old.pta.med.pl\/?p=15003","title":{"rendered":"Kampania \u201eZdrowy Oddech\u201d"},"content":{"rendered":"<p>W prenumeracie online dziennika \u201eGazeta Wyborcza\u201d oraz na portalu <a href=\"http:\/\/www.byczdrowym.info\">www.byczdrowym.info<\/a> ruszy\u0142a edukacyjna kampania edukacyjno-merytoryczna \u201eZdrowy Oddech\u201d. Publikacja zosta\u0142a obj\u0119ta Patronatem Polskiego Towarzystwa Alergologicznego w partnerstwie z Koalicj\u0105 na rzecz Leczenia Astmy.<\/p>\n<p>Nadrz\u0119dnym\u00a0celem\u00a0projektu jest budowanie \u015bwiadomo\u015bci spo\u0142ecznej na temat objaw\u00f3w, \u015bcie\u017cki diagnostycznej jak i terapii chor\u00f3b uk\u0142adu oddechowego takich jak astma czy POChP, a tak\u017ce negatywnego wp\u0142ywu smogu na stan zdrowia.<\/p>\n<p>Kampania obejmuje m.in. wywiady z ekspertami PTA \u2013 prof. M. Kupczykiem czy dr P. D\u0105browieckim.<\/p>\n<p><strong>\u00a0<\/strong>Zapraszamy do lektury pod linkiem:\u00a0<a href=\"https:\/\/www.pta.med.pl\/wp-content\/uploads\/Kampania-Zdrowy-Oddech.pdf\" target=\"_blank\" rel=\"noopener\">https:\/\/www.pta.med.pl\/wp-content\/uploads\/Kampania-Zdrowy-Oddech.pdf<\/a><\/p>\n<p>&nbsp;<\/p>\n","protected":false},"excerpt":{"rendered":"<p>W prenumeracie online dziennika \u201eGazeta Wyborcza\u201d oraz na portalu www.byczdrowym.info ruszy\u0142a edukacyjna kampania edukacyjno-merytoryczna \u201eZdrowy Oddech\u201d. Publikacja zosta\u0142a obj\u0119ta Patronatem Polskiego Towarzystwa Alergologicznego w partnerstwie z Koalicj\u0105 na rzecz Leczenia Astmy. Nadrz\u0119dnym\u00a0celem\u00a0projektu jest budowanie \u015bwiadomo\u015bci spo\u0142ecznej na temat objaw\u00f3w, \u015bcie\u017cki diagnostycznej jak i terapii chor\u00f3b uk\u0142adu oddechowego takich jak astma czy POChP, a tak\u017ce negatywnego [&hellip;]<\/p>\n","protected":false},"author":1,"featured_media":15004,"comment_status":"closed","ping_status":"closed","sticky":false,"template":"","format":"standard","meta":{"ngg_post_thumbnail":0},"categories":[3],"tags":[],"_links":{"self":[{"href":"https:\/\/old.pta.med.pl\/index.php?rest_route=\/wp\/v2\/posts\/15003"}],"collection":[{"href":"https:\/\/old.pta.med.pl\/index.php?rest_route=\/wp\/v2\/posts"}],"about":[{"href":"https:\/\/old.pta.med.pl\/index.php?rest_route=\/wp\/v2\/types\/post"}],"author":[{"embeddable":true,"href":"https:\/\/old.pta.med.pl\/index.php?rest_route=\/wp\/v2\/users\/1"}],"replies":[{"embeddable":true,"href":"https:\/\/old.pta.med.pl\/index.php?rest_route=%2Fwp%2Fv2%2Fcomments&post=15003"}],"version-history":[{"count":1,"href":"https:\/\/old.pta.med.pl\/index.php?rest_route=\/wp\/v2\/posts\/15003\/revisions"}],"predecessor-version":[{"id":15005,"href":"https:\/\/old.pta.med.pl\/index.php?rest_route=\/wp\/v2\/posts\/15003\/revisions\/15005"}],"wp:featuredmedia":[{"embeddable":true,"href":"https:\/\/old.pta.med.pl\/index.php?rest_route=\/wp\/v2\/media\/15004"}],"wp:attachment":[{"href":"https:\/\/old.pta.med.pl\/index.php?rest_route=%2Fwp%2Fv2%2Fmedia&parent=15003"}],"wp:term":[{"taxonomy":"category","embeddable":true,"href":"https:\/\/old.pta.med.pl\/index.php?rest_route=%2Fwp%2Fv2%2Fcategories&post=15003"},{"taxonomy":"post_tag","embeddable":true,"href":"https:\/\/old.pta.med.pl\/index.php?rest_route=%2Fwp%2Fv2%2Ftags&post=15003"}],"curies":[{"name":"wp","href":"https:\/\/api.w.org\/{rel}","templated":true}]}}