{"id":15025,"date":"2021-12-22T13:05:15","date_gmt":"2021-12-22T12:05:15","guid":{"rendered":"https:\/\/www.pta.med.pl\/?p=15025"},"modified":"2021-12-22T13:05:15","modified_gmt":"2021-12-22T12:05:15","slug":"czy-zmiana-klimatu-wplywa-na-rozwoj-alergii-2-2-2-2","status":"publish","type":"post","link":"https:\/\/old.pta.med.pl\/?p=15025","title":{"rendered":"Co wydarzy\u0142o si\u0119 w dziedzinie alergologii w mijaj\u0105cym roku?"},"content":{"rendered":"<p>O wa\u017cnych dla \u015brodowiska alergolog\u00f3w wydarzeniach 2021 r., opublikowanych rekomendacjach i stanowiskach rozmawiamy na \u0142amach Pulsu Medycyny z prof. Maciejem Kupczykiem, Prezydentem Polskiego Towarzystwa Alergologicznego.<\/p>\n<p>Pe\u0142na rozmowa na stronie:\u00a0<a href=\"https:\/\/pulsmedycyny.pl\/liczymy-na-dostep-do-nowych-lekow-biologicznych-w-terapii-astmy-1136792\" target=\"_blank\" rel=\"noopener\">https:\/\/pulsmedycyny.pl\/liczymy-na-dostep-do-nowych-lekow-biologicznych-w-terapii-astmy-1136792<\/a><\/p>\n<p>&nbsp;<\/p>\n","protected":false},"excerpt":{"rendered":"<p>O wa\u017cnych dla \u015brodowiska alergolog\u00f3w wydarzeniach 2021 r., opublikowanych rekomendacjach i stanowiskach rozmawiamy na \u0142amach Pulsu Medycyny z prof. Maciejem Kupczykiem, Prezydentem Polskiego Towarzystwa Alergologicznego. Pe\u0142na rozmowa na stronie:\u00a0https:\/\/pulsmedycyny.pl\/liczymy-na-dostep-do-nowych-lekow-biologicznych-w-terapii-astmy-1136792 &nbsp;<\/p>\n","protected":false},"author":1,"featured_media":15026,"comment_status":"closed","ping_status":"closed","sticky":false,"template":"","format":"standard","meta":{"ngg_post_thumbnail":0},"categories":[3],"tags":[],"_links":{"self":[{"href":"https:\/\/old.pta.med.pl\/index.php?rest_route=\/wp\/v2\/posts\/15025"}],"collection":[{"href":"https:\/\/old.pta.med.pl\/index.php?rest_route=\/wp\/v2\/posts"}],"about":[{"href":"https:\/\/old.pta.med.pl\/index.php?rest_route=\/wp\/v2\/types\/post"}],"author":[{"embeddable":true,"href":"https:\/\/old.pta.med.pl\/index.php?rest_route=\/wp\/v2\/users\/1"}],"replies":[{"embeddable":true,"href":"https:\/\/old.pta.med.pl\/index.php?rest_route=%2Fwp%2Fv2%2Fcomments&post=15025"}],"version-history":[{"count":1,"href":"https:\/\/old.pta.med.pl\/index.php?rest_route=\/wp\/v2\/posts\/15025\/revisions"}],"predecessor-version":[{"id":15027,"href":"https:\/\/old.pta.med.pl\/index.php?rest_route=\/wp\/v2\/posts\/15025\/revisions\/15027"}],"wp:featuredmedia":[{"embeddable":true,"href":"https:\/\/old.pta.med.pl\/index.php?rest_route=\/wp\/v2\/media\/15026"}],"wp:attachment":[{"href":"https:\/\/old.pta.med.pl\/index.php?rest_route=%2Fwp%2Fv2%2Fmedia&parent=15025"}],"wp:term":[{"taxonomy":"category","embeddable":true,"href":"https:\/\/old.pta.med.pl\/index.php?rest_route=%2Fwp%2Fv2%2Fcategories&post=15025"},{"taxonomy":"post_tag","embeddable":true,"href":"https:\/\/old.pta.med.pl\/index.php?rest_route=%2Fwp%2Fv2%2Ftags&post=15025"}],"curies":[{"name":"wp","href":"https:\/\/api.w.org\/{rel}","templated":true}]}}