{"id":15028,"date":"2021-12-30T10:00:33","date_gmt":"2021-12-30T09:00:33","guid":{"rendered":"https:\/\/www.pta.med.pl\/?p=15028"},"modified":"2021-12-23T11:01:29","modified_gmt":"2021-12-23T10:01:29","slug":"przewodniczacy-kapituly-ds-nadawania-godnosci-czlonka-honorowego-pta-2-3-2","status":"publish","type":"post","link":"https:\/\/old.pta.med.pl\/?p=15028","title":{"rendered":"Podsumowanie 2021 roku w Polskim Towarzystwie Alergologicznym"},"content":{"rendered":"<p class=\"xmsonormal\">W mijaj\u0105cym roku w PTA dzia\u0142o si\u0119 du\u017co. Trwaj\u0105ca pandemia nie spowolni\u0142a dzia\u0142a\u0144 Towarzystwa, podj\u0119li\u015bmy nowe aktywno\u015bci i wr\u00f3cili\u015bmy do tych wstrzymanych przez pandemi\u0119. Co dok\u0142adnie uda\u0142o nam si\u0119 osi\u0105gn\u0105\u0107?<\/p>\n<p class=\"xmsonormal\">\u00a0Przeprowadzili\u015bmy proces zmian w\u0142adz Towarzystwa \u2013 po raz pierwszy w historii ca\u0142kowicie wirtualnie. Zaczynaj\u0105c od w\u0142adz Oddzia\u0142\u00f3w Regionalnych, Sekcji Problemowych poprzez Walne Zgromadzenie Delegat\u00f3w, kt\u00f3re wybra\u0142o nowy Zarz\u0105d G\u0142\u00f3wny, G\u0142\u00f3wn\u0105 Komisj\u0119 Rewizyjn\u0105 i S\u0105d Kole\u017ce\u0144ski.<\/p>\n<p class=\"xmsonormal\">\u00a0Zorganizowali\u015bmy dwie najwa\u017cniejsze inicjatywy edukacyjne \u2013 XIII Konferencj\u0119 Szkoleniow\u0105 oraz XIV Mi\u0119dzynarodowy Kongres \u2013 pierwsze od pocz\u0105tku pandemii spotkanie hybrydowe ze stacjonarnym udzia\u0142em uczestnik\u00f3w. Wspieramy ci\u0105gle m\u0142odych Cz\u0142onk\u00f3w PTA organizuj\u0105c konkursy na grant naukowo-badawczy, na najlepsz\u0105 prac\u0119 oryginaln\u0105 i doktorsk\u0105 w alergologii, a tak\u017ce granty na uczestnictwo czy najlepsze prezentacje podczas Kongresu PTA oraz nowe aktywno\u015bci, o kt\u00f3rych wi\u0119cej ju\u017c wkr\u00f3tce. Nie zwolni\u0142a dzia\u0142alno\u015b\u0107 publikacyjna PTA \u2013 nowe wytyczne i artyku\u0142y ukazywa\u0142y si\u0119 na \u0142amach \u201eAlergologii Polskiej\u201d i wsp\u00f3\u0142praca mi\u0119dzynarodowa, czego widocznym znakiem by\u0142 Kongres EAACI w Krakowie. Dla pacjent\u00f3w uruchomili\u015bmy stron\u0119 internetow\u0105 obejmuj\u0105c\u0105 przyst\u0119pne informacje o alergii, na \u0142amach \u201eGazety Wyborczej\u201d systematycznie ukazywa\u0142y si\u0119 dodatki z wypowiedziami ekspert\u00f3w PTA, a w czerwcu w ramach World Allergy Week 2021 przeprowadzili\u015bmy szerok\u0105 kampani\u0119 medialn\u0105 dotycz\u0105c\u0105 zagro\u017cenia jakim jest anafilaksja.<\/p>\n<p class=\"xmsonormal\">\u00a0Poniewa\u017c alergologia to dynamiczna specjalizacja, dlatego podj\u0119li\u015bmy rozmowy z decydentami s\u0142u\u017cby zdrowia w temacie dost\u0119pno\u015bci adrenaliny, dost\u0119pu do terapii dupilumabem w AZS oraz interweniowali\u015bmy w sprawie wyceny szczepionek i preparat\u00f3w alergenowych. Now\u0105 inicjatyw\u0105 Towarzystwa jest Koalicja na rzecz Leczenia Astmy &#8211; <a href=\"https:\/\/koalicja.pta.med.pl\/\">https:\/\/koalicja.pta.med.pl\/<\/a>, gromadz\u0105ca ekspert\u00f3w towarzystw lekarskich i przedstawicieli \u015brodowisk zainteresowanych popraw\u0105 diagnostyki i terapii astmy w Polsce. Koalicja promuje raport podsumowuj\u0105cy aktualny stan lecznictwa astmy, zorganizowa\u0142a konferencj\u0119 prasow\u0105 oraz prowadzi rozmowy z Ministerstwem Zdrowia dot. wykorzystania nowych narz\u0119dzi informatycznych w kontroli choroby i stosowania lek\u00f3w. Szczeg\u00f3\u0142y tych rozm\u00f3w przeka\u017cemy ju\u017c nied\u0142ugo.<\/p>\n<p class=\"xmsonormal\">Wiemy co przyni\u00f3s\u0142 mijaj\u0105cy rok, a w oczekiwaniu na 2022 ju\u017c teraz zapraszamy do udzia\u0142u w najbli\u017cszych wydarzeniach edukacyjnych PTA:<br \/>\nXIV Konferencji Szkoleniowej &#8211; <a href=\"https:\/\/konferencja2022.pta.med.pl\">https:\/\/konferencja2022.pta.med.pl<\/a><br \/>\nVII Klinicznym Forum Ekspert\u00f3w &#8211; <a href=\"https:\/\/forum2022.pta.med.pl\/\">https:\/\/forum2022.pta.med.pl<\/a><\/p>\n<p class=\"xmsonormal\">Zach\u0119camy wszystkich Cz\u0142onk\u00f3w PTA do udzia\u0142u w tych spotkaniach, a tak\u017ce lektury newslettera, odwiedzania naszego profilu na Facebooku &#8211; <a href=\"https:\/\/www.facebook.com\/PolskieTowarzystwoAlergologiczne\">https:\/\/www.facebook.com\/PolskieTowarzystwoAlergologiczne<\/a> oraz Instagramie &#8211; <a href=\"https:\/\/www.instagram.com\/polish_society_of_allergology\/\">https:\/\/www.instagram.com\/polish_society_of_allergology\/<\/a> i aktywnego udzia\u0142u w \u017cyciu Towarzystwa.<\/p>\n","protected":false},"excerpt":{"rendered":"<p>W mijaj\u0105cym roku w PTA dzia\u0142o si\u0119 du\u017co. Trwaj\u0105ca pandemia nie spowolni\u0142a dzia\u0142a\u0144 Towarzystwa, podj\u0119li\u015bmy nowe aktywno\u015bci i wr\u00f3cili\u015bmy do tych wstrzymanych przez pandemi\u0119. Co dok\u0142adnie uda\u0142o nam si\u0119 osi\u0105gn\u0105\u0107? \u00a0Przeprowadzili\u015bmy proces zmian w\u0142adz Towarzystwa \u2013 po raz pierwszy w historii ca\u0142kowicie wirtualnie. Zaczynaj\u0105c od w\u0142adz Oddzia\u0142\u00f3w Regionalnych, Sekcji Problemowych poprzez Walne Zgromadzenie Delegat\u00f3w, kt\u00f3re [&hellip;]<\/p>\n","protected":false},"author":1,"featured_media":15029,"comment_status":"closed","ping_status":"closed","sticky":false,"template":"","format":"standard","meta":{"ngg_post_thumbnail":0},"categories":[4],"tags":[],"_links":{"self":[{"href":"https:\/\/old.pta.med.pl\/index.php?rest_route=\/wp\/v2\/posts\/15028"}],"collection":[{"href":"https:\/\/old.pta.med.pl\/index.php?rest_route=\/wp\/v2\/posts"}],"about":[{"href":"https:\/\/old.pta.med.pl\/index.php?rest_route=\/wp\/v2\/types\/post"}],"author":[{"embeddable":true,"href":"https:\/\/old.pta.med.pl\/index.php?rest_route=\/wp\/v2\/users\/1"}],"replies":[{"embeddable":true,"href":"https:\/\/old.pta.med.pl\/index.php?rest_route=%2Fwp%2Fv2%2Fcomments&post=15028"}],"version-history":[{"count":1,"href":"https:\/\/old.pta.med.pl\/index.php?rest_route=\/wp\/v2\/posts\/15028\/revisions"}],"predecessor-version":[{"id":15030,"href":"https:\/\/old.pta.med.pl\/index.php?rest_route=\/wp\/v2\/posts\/15028\/revisions\/15030"}],"wp:featuredmedia":[{"embeddable":true,"href":"https:\/\/old.pta.med.pl\/index.php?rest_route=\/wp\/v2\/media\/15029"}],"wp:attachment":[{"href":"https:\/\/old.pta.med.pl\/index.php?rest_route=%2Fwp%2Fv2%2Fmedia&parent=15028"}],"wp:term":[{"taxonomy":"category","embeddable":true,"href":"https:\/\/old.pta.med.pl\/index.php?rest_route=%2Fwp%2Fv2%2Fcategories&post=15028"},{"taxonomy":"post_tag","embeddable":true,"href":"https:\/\/old.pta.med.pl\/index.php?rest_route=%2Fwp%2Fv2%2Ftags&post=15028"}],"curies":[{"name":"wp","href":"https:\/\/api.w.org\/{rel}","templated":true}]}}