{"id":15194,"date":"2022-01-27T10:16:55","date_gmt":"2022-01-27T09:16:55","guid":{"rendered":"https:\/\/www.pta.med.pl\/?p=15194"},"modified":"2022-01-27T10:28:44","modified_gmt":"2022-01-27T09:28:44","slug":"przewodniczacy-kapituly-ds-nadawania-godnosci-czlonka-honorowego-pta-2-3-2-2-2-2-2","status":"publish","type":"post","link":"https:\/\/old.pta.med.pl\/?p=15194","title":{"rendered":"Spotkanie Klubu Sekcji M\u0142odych PTA &#8211; warsztaty z Tomaszem Kammelem"},"content":{"rendered":"<p>Serdecznie zapraszamy na spotkanie <strong>Klubu Sekcji M\u0142odych\u00a0<\/strong>PTA, kt\u00f3re odb\u0119dzie si\u0119 w dniach 18-19 lutego 2022 w \u0141odzi.<\/p>\n<p>Warsztaty ze sztuki prezentacji i wyst\u0105pie\u0144 publicznych poprowadzi znakomity dziennikarz, m\u00f3wca i prezenter Tomasz Kammel.<\/p>\n<p>Zg\u0142oszenia do udzia\u0142u w spotkaniu\u00a0 prosz\u0119 przesy\u0142a\u0107 na adres: <a href=\"mailto:pta@pta.med.pl\">pta@pta.med.pl\u00a0<\/a>&#8211; decyduje kolejno\u015b\u0107 zg\u0142osze\u0144.<\/p>\n<p><img class=\"size-full wp-image-15200 aligncenter\" src=\"https:\/\/www.pta.med.pl\/wp-content\/uploads\/zaproszenie_pta_polpharma_kammel.png\" alt=\"\" width=\"600\" height=\"1627\" srcset=\"https:\/\/old.pta.med.pl\/wp-content\/uploads\/zaproszenie_pta_polpharma_kammel-200x542.png 200w, https:\/\/old.pta.med.pl\/wp-content\/uploads\/zaproszenie_pta_polpharma_kammel-400x1085.png 400w, https:\/\/old.pta.med.pl\/wp-content\/uploads\/zaproszenie_pta_polpharma_kammel-500x1356.png 500w, https:\/\/old.pta.med.pl\/wp-content\/uploads\/zaproszenie_pta_polpharma_kammel-566x1536.png 566w, https:\/\/old.pta.med.pl\/wp-content\/uploads\/zaproszenie_pta_polpharma_kammel.png 600w\" sizes=\"(max-width: 600px) 100vw, 600px\" \/><\/p>\n","protected":false},"excerpt":{"rendered":"<p>Serdecznie zapraszamy na spotkanie Klubu Sekcji M\u0142odych\u00a0PTA, kt\u00f3re odb\u0119dzie si\u0119 w dniach 18-19 lutego 2022 w \u0141odzi. Warsztaty ze sztuki prezentacji i wyst\u0105pie\u0144 publicznych poprowadzi znakomity dziennikarz, m\u00f3wca i prezenter Tomasz Kammel. Zg\u0142oszenia do udzia\u0142u w spotkaniu\u00a0 prosz\u0119 przesy\u0142a\u0107 na adres: pta@pta.med.pl\u00a0&#8211; decyduje kolejno\u015b\u0107 zg\u0142osze\u0144.<\/p>\n","protected":false},"author":1,"featured_media":15195,"comment_status":"closed","ping_status":"closed","sticky":false,"template":"","format":"standard","meta":{"ngg_post_thumbnail":0},"categories":[4],"tags":[],"_links":{"self":[{"href":"https:\/\/old.pta.med.pl\/index.php?rest_route=\/wp\/v2\/posts\/15194"}],"collection":[{"href":"https:\/\/old.pta.med.pl\/index.php?rest_route=\/wp\/v2\/posts"}],"about":[{"href":"https:\/\/old.pta.med.pl\/index.php?rest_route=\/wp\/v2\/types\/post"}],"author":[{"embeddable":true,"href":"https:\/\/old.pta.med.pl\/index.php?rest_route=\/wp\/v2\/users\/1"}],"replies":[{"embeddable":true,"href":"https:\/\/old.pta.med.pl\/index.php?rest_route=%2Fwp%2Fv2%2Fcomments&post=15194"}],"version-history":[{"count":5,"href":"https:\/\/old.pta.med.pl\/index.php?rest_route=\/wp\/v2\/posts\/15194\/revisions"}],"predecessor-version":[{"id":15202,"href":"https:\/\/old.pta.med.pl\/index.php?rest_route=\/wp\/v2\/posts\/15194\/revisions\/15202"}],"wp:featuredmedia":[{"embeddable":true,"href":"https:\/\/old.pta.med.pl\/index.php?rest_route=\/wp\/v2\/media\/15195"}],"wp:attachment":[{"href":"https:\/\/old.pta.med.pl\/index.php?rest_route=%2Fwp%2Fv2%2Fmedia&parent=15194"}],"wp:term":[{"taxonomy":"category","embeddable":true,"href":"https:\/\/old.pta.med.pl\/index.php?rest_route=%2Fwp%2Fv2%2Fcategories&post=15194"},{"taxonomy":"post_tag","embeddable":true,"href":"https:\/\/old.pta.med.pl\/index.php?rest_route=%2Fwp%2Fv2%2Ftags&post=15194"}],"curies":[{"name":"wp","href":"https:\/\/api.w.org\/{rel}","templated":true}]}}