{"id":15294,"date":"2022-02-11T07:29:09","date_gmt":"2022-02-11T06:29:09","guid":{"rendered":"https:\/\/www.pta.med.pl\/?p=15294"},"modified":"2022-02-11T07:29:09","modified_gmt":"2022-02-11T06:29:09","slug":"przewodniczacy-kapituly-ds-nadawania-godnosci-czlonka-honorowego-pta-2-2-2-2-3","status":"publish","type":"post","link":"https:\/\/old.pta.med.pl\/?p=15294","title":{"rendered":"\u015awiatowy Dzie\u0144 Chorego"},"content":{"rendered":"<p>11 lutego obchodzimy 30. Dzie\u0144 Chorego, ustanowiony w 1992 roku przez Jana Paw\u0142a II. To wa\u017cny dzie\u0144 dla milion\u00f3w os\u00f3b w Polsce z chorobami alergicznymi. Polskie Towarzystwo Alergologiczne dostrzega nowe wyzwania oraz szanse w opiece nad tymi pacjentami i zgodnie ze swoim statutowym zadaniem b\u0119dzie wspiera\u0107 wszelkie dzia\u0142ania na rzecz poprawy sytuacji os\u00f3b z astm\u0105, zagro\u017conych anafilaksj\u0105 czy cierpi\u0105cych z powodu alergicznych chor\u00f3b sk\u00f3ry.<\/p>\n<p>PTA od wielu lat inicjuje projekty kierowane do pacjent\u00f3w z chorobami alergicznymi i ich bliskich. Nasz\u0105 wizyt\u00f3wk\u0105 jest tu portal <a href=\"https:\/\/dlapacjentow.pta.med.pl\" target=\"_blank\" rel=\"noopener\">https:\/\/dlapacjentow.pta.med.pl<\/a> zawieraj\u0105cy praktyczne informacji radzenia sobie z alergi\u0105 czy astm\u0105. Bierzemy tak\u017ce aktywny udzia\u0142 w systemowej dyskusji o stanie lecznictwa alergologicznego \u2013 w ubieg\u0142ym roku dzia\u0142alno\u015b\u0107 rozpocz\u0119\u0142a Koalicja na rzecz Leczenia Astmy, a tak\u017ce jeste\u015bmy w sta\u0142ej komunikacji z Ministerstwem Zdrowia w sprawie wdro\u017cenia procedur opieki alergologicznej dla podopiecznych plac\u00f3wek edukacyjnych oraz zapewnienia szerokiej dost\u0119pno\u015bci najwa\u017cniejszej procedury alergologicznej jak\u0105 jest immunoterapia.<\/p>\n<p>W Dniu Chorego wszystkim cierpi\u0105cym sk\u0142adamy \u017cyczenia jak najszybszego powrotu do zdrowia, a osobom, kt\u00f3re \u017cyj\u0105 i pracuj\u0105 z chorymi \u017cyczymy wytrwa\u0142o\u015bci i nadziei.<\/p>\n<p>&nbsp;<\/p>\n","protected":false},"excerpt":{"rendered":"<p>11 lutego obchodzimy 30. Dzie\u0144 Chorego, ustanowiony w 1992 roku przez Jana Paw\u0142a II. To wa\u017cny dzie\u0144 dla milion\u00f3w os\u00f3b w Polsce z chorobami alergicznymi. Polskie Towarzystwo Alergologiczne dostrzega nowe wyzwania oraz szanse w opiece nad tymi pacjentami i zgodnie ze swoim statutowym zadaniem b\u0119dzie wspiera\u0107 wszelkie dzia\u0142ania na rzecz poprawy sytuacji os\u00f3b z astm\u0105, [&hellip;]<\/p>\n","protected":false},"author":1,"featured_media":15295,"comment_status":"closed","ping_status":"closed","sticky":false,"template":"","format":"standard","meta":{"ngg_post_thumbnail":0},"categories":[2],"tags":[],"_links":{"self":[{"href":"https:\/\/old.pta.med.pl\/index.php?rest_route=\/wp\/v2\/posts\/15294"}],"collection":[{"href":"https:\/\/old.pta.med.pl\/index.php?rest_route=\/wp\/v2\/posts"}],"about":[{"href":"https:\/\/old.pta.med.pl\/index.php?rest_route=\/wp\/v2\/types\/post"}],"author":[{"embeddable":true,"href":"https:\/\/old.pta.med.pl\/index.php?rest_route=\/wp\/v2\/users\/1"}],"replies":[{"embeddable":true,"href":"https:\/\/old.pta.med.pl\/index.php?rest_route=%2Fwp%2Fv2%2Fcomments&post=15294"}],"version-history":[{"count":1,"href":"https:\/\/old.pta.med.pl\/index.php?rest_route=\/wp\/v2\/posts\/15294\/revisions"}],"predecessor-version":[{"id":15296,"href":"https:\/\/old.pta.med.pl\/index.php?rest_route=\/wp\/v2\/posts\/15294\/revisions\/15296"}],"wp:featuredmedia":[{"embeddable":true,"href":"https:\/\/old.pta.med.pl\/index.php?rest_route=\/wp\/v2\/media\/15295"}],"wp:attachment":[{"href":"https:\/\/old.pta.med.pl\/index.php?rest_route=%2Fwp%2Fv2%2Fmedia&parent=15294"}],"wp:term":[{"taxonomy":"category","embeddable":true,"href":"https:\/\/old.pta.med.pl\/index.php?rest_route=%2Fwp%2Fv2%2Fcategories&post=15294"},{"taxonomy":"post_tag","embeddable":true,"href":"https:\/\/old.pta.med.pl\/index.php?rest_route=%2Fwp%2Fv2%2Ftags&post=15294"}],"curies":[{"name":"wp","href":"https:\/\/api.w.org\/{rel}","templated":true}]}}