{"id":15332,"date":"2022-02-21T11:35:32","date_gmt":"2022-02-21T10:35:32","guid":{"rendered":"https:\/\/www.pta.med.pl\/?p=15332"},"modified":"2022-02-21T11:35:32","modified_gmt":"2022-02-21T10:35:32","slug":"przewodniczacy-kapituly-ds-nadawania-godnosci-czlonka-honorowego-pta-2-3-2-2-2-2-2-2","status":"publish","type":"post","link":"https:\/\/old.pta.med.pl\/?p=15332","title":{"rendered":"Spotkanie Klubu Sekcji M\u0142odych PTA"},"content":{"rendered":"<p>W sobot\u0119 19 lutego odby\u0142o si\u0119 szkolenie dla Cz\u0142onk\u00f3w Sekcji M\u0142odych PTA po\u015bwi\u0119cone umiej\u0119tno\u015bci publicznego wyst\u0119powania. Pod okiem Tomasza Kammela uczestnicy spotkania poznawali tajniki radzenia sobie z trem\u0105, skupiania uwagi s\u0142uchaczy, kontrolowania mowy cia\u0142a oraz prawid\u0142owego operowania g\u0142osem. Warsztatowa formu\u0142a pozwoli\u0142a m\u0142odym lekarzom i naukowcom\u00a0sprawdzi\u0107 swoje umiej\u0119tno\u015bci i odkry\u0107 mocne oraz s\u0142abe strony autoprezentacji.<\/p>\n<p>Dzi\u0119kujemy firmie Polpharma za wsparcie w organizacji warsztat\u00f3w.<\/p>\n<p>Mamy nadziej\u0119, \u017ce ju\u017c wkr\u00f3tce odb\u0119d\u0105 si\u0119 kolejne spotkania Klubu Sekcji M\u0142odych PTA poruszaj\u0105ce tematy istotne dla M\u0142odych Cz\u0142onk\u00f3w PTA.<\/p>\n<p>Ju\u017c teraz zapraszamy do udzia\u0142u w:<\/p>\n<ul>\n<li>14 Konferencji Szkoleniowej PTA &#8211;\u00a0<a href=\"https:\/\/konferencja2022.pta.med.pl\/\" target=\"_blank\" rel=\"noopener\">https:\/\/konferencja2022.pta.med.pl\/<\/a><\/li>\n<li>VII Klinicznym Forum Ekspert\u00f3w PTA &#8211;\u00a0<a href=\"https:\/\/forum2022.pta.med.pl\/\" target=\"_blank\" rel=\"noopener\">https:\/\/forum2022.pta.med.pl\/<\/a><\/li>\n<\/ul>\n<p><img class=\"alignnone wp-image-15330 size-fusion-800\" src=\"https:\/\/www.pta.med.pl\/wp-content\/uploads\/Spotkanie-Kammel-3-800x600.jpg\" alt=\"\" width=\"800\" height=\"600\" srcset=\"https:\/\/old.pta.med.pl\/wp-content\/uploads\/Spotkanie-Kammel-3-200x150.jpg 200w, https:\/\/old.pta.med.pl\/wp-content\/uploads\/Spotkanie-Kammel-3-400x300.jpg 400w, https:\/\/old.pta.med.pl\/wp-content\/uploads\/Spotkanie-Kammel-3-500x375.jpg 500w, https:\/\/old.pta.med.pl\/wp-content\/uploads\/Spotkanie-Kammel-3-600x450.jpg 600w, https:\/\/old.pta.med.pl\/wp-content\/uploads\/Spotkanie-Kammel-3-768x576.jpg 768w, https:\/\/old.pta.med.pl\/wp-content\/uploads\/Spotkanie-Kammel-3-800x600.jpg 800w, https:\/\/old.pta.med.pl\/wp-content\/uploads\/Spotkanie-Kammel-3.jpg 1200w\" sizes=\"(max-width: 800px) 100vw, 800px\" \/> <img class=\"alignnone wp-image-15331 size-fusion-800\" src=\"https:\/\/www.pta.med.pl\/wp-content\/uploads\/Spotkanie-Kammel-5-800x600.jpg\" alt=\"\" width=\"800\" height=\"600\" srcset=\"https:\/\/old.pta.med.pl\/wp-content\/uploads\/Spotkanie-Kammel-5-200x150.jpg 200w, https:\/\/old.pta.med.pl\/wp-content\/uploads\/Spotkanie-Kammel-5-400x300.jpg 400w, https:\/\/old.pta.med.pl\/wp-content\/uploads\/Spotkanie-Kammel-5-500x375.jpg 500w, https:\/\/old.pta.med.pl\/wp-content\/uploads\/Spotkanie-Kammel-5-600x450.jpg 600w, https:\/\/old.pta.med.pl\/wp-content\/uploads\/Spotkanie-Kammel-5-768x576.jpg 768w, https:\/\/old.pta.med.pl\/wp-content\/uploads\/Spotkanie-Kammel-5-800x600.jpg 800w, https:\/\/old.pta.med.pl\/wp-content\/uploads\/Spotkanie-Kammel-5.jpg 1200w\" sizes=\"(max-width: 800px) 100vw, 800px\" \/> <img class=\"alignnone wp-image-15329 size-fusion-800\" src=\"https:\/\/www.pta.med.pl\/wp-content\/uploads\/Spotkanie-Kammel-2-800x600.jpg\" alt=\"\" width=\"800\" height=\"600\" srcset=\"https:\/\/old.pta.med.pl\/wp-content\/uploads\/Spotkanie-Kammel-2-200x150.jpg 200w, https:\/\/old.pta.med.pl\/wp-content\/uploads\/Spotkanie-Kammel-2-400x300.jpg 400w, https:\/\/old.pta.med.pl\/wp-content\/uploads\/Spotkanie-Kammel-2-500x375.jpg 500w, https:\/\/old.pta.med.pl\/wp-content\/uploads\/Spotkanie-Kammel-2-600x450.jpg 600w, https:\/\/old.pta.med.pl\/wp-content\/uploads\/Spotkanie-Kammel-2-768x576.jpg 768w, https:\/\/old.pta.med.pl\/wp-content\/uploads\/Spotkanie-Kammel-2-800x600.jpg 800w, https:\/\/old.pta.med.pl\/wp-content\/uploads\/Spotkanie-Kammel-2.jpg 1200w\" sizes=\"(max-width: 800px) 100vw, 800px\" \/> <img class=\"alignnone wp-image-15328 size-fusion-800\" src=\"https:\/\/www.pta.med.pl\/wp-content\/uploads\/Spotkanie-Kammel-1-800x600.jpg\" alt=\"\" width=\"800\" height=\"600\" srcset=\"https:\/\/old.pta.med.pl\/wp-content\/uploads\/Spotkanie-Kammel-1-200x150.jpg 200w, https:\/\/old.pta.med.pl\/wp-content\/uploads\/Spotkanie-Kammel-1-400x300.jpg 400w, https:\/\/old.pta.med.pl\/wp-content\/uploads\/Spotkanie-Kammel-1-500x375.jpg 500w, https:\/\/old.pta.med.pl\/wp-content\/uploads\/Spotkanie-Kammel-1-600x450.jpg 600w, https:\/\/old.pta.med.pl\/wp-content\/uploads\/Spotkanie-Kammel-1-768x576.jpg 768w, https:\/\/old.pta.med.pl\/wp-content\/uploads\/Spotkanie-Kammel-1-800x600.jpg 800w, https:\/\/old.pta.med.pl\/wp-content\/uploads\/Spotkanie-Kammel-1.jpg 1200w\" sizes=\"(max-width: 800px) 100vw, 800px\" \/><\/p>\n","protected":false},"excerpt":{"rendered":"<p>W sobot\u0119 19 lutego odby\u0142o si\u0119 szkolenie dla Cz\u0142onk\u00f3w Sekcji M\u0142odych PTA po\u015bwi\u0119cone umiej\u0119tno\u015bci publicznego wyst\u0119powania. Pod okiem Tomasza Kammela uczestnicy spotkania poznawali tajniki radzenia sobie z trem\u0105, skupiania uwagi s\u0142uchaczy, kontrolowania mowy cia\u0142a oraz prawid\u0142owego operowania g\u0142osem. Warsztatowa formu\u0142a pozwoli\u0142a m\u0142odym lekarzom i naukowcom\u00a0sprawdzi\u0107 swoje umiej\u0119tno\u015bci i odkry\u0107 mocne oraz s\u0142abe strony autoprezentacji. Dzi\u0119kujemy [&hellip;]<\/p>\n","protected":false},"author":1,"featured_media":15333,"comment_status":"closed","ping_status":"closed","sticky":false,"template":"","format":"standard","meta":{"ngg_post_thumbnail":0},"categories":[4],"tags":[],"_links":{"self":[{"href":"https:\/\/old.pta.med.pl\/index.php?rest_route=\/wp\/v2\/posts\/15332"}],"collection":[{"href":"https:\/\/old.pta.med.pl\/index.php?rest_route=\/wp\/v2\/posts"}],"about":[{"href":"https:\/\/old.pta.med.pl\/index.php?rest_route=\/wp\/v2\/types\/post"}],"author":[{"embeddable":true,"href":"https:\/\/old.pta.med.pl\/index.php?rest_route=\/wp\/v2\/users\/1"}],"replies":[{"embeddable":true,"href":"https:\/\/old.pta.med.pl\/index.php?rest_route=%2Fwp%2Fv2%2Fcomments&post=15332"}],"version-history":[{"count":2,"href":"https:\/\/old.pta.med.pl\/index.php?rest_route=\/wp\/v2\/posts\/15332\/revisions"}],"predecessor-version":[{"id":15335,"href":"https:\/\/old.pta.med.pl\/index.php?rest_route=\/wp\/v2\/posts\/15332\/revisions\/15335"}],"wp:featuredmedia":[{"embeddable":true,"href":"https:\/\/old.pta.med.pl\/index.php?rest_route=\/wp\/v2\/media\/15333"}],"wp:attachment":[{"href":"https:\/\/old.pta.med.pl\/index.php?rest_route=%2Fwp%2Fv2%2Fmedia&parent=15332"}],"wp:term":[{"taxonomy":"category","embeddable":true,"href":"https:\/\/old.pta.med.pl\/index.php?rest_route=%2Fwp%2Fv2%2Fcategories&post=15332"},{"taxonomy":"post_tag","embeddable":true,"href":"https:\/\/old.pta.med.pl\/index.php?rest_route=%2Fwp%2Fv2%2Ftags&post=15332"}],"curies":[{"name":"wp","href":"https:\/\/api.w.org\/{rel}","templated":true}]}}