{"id":15374,"date":"2022-02-28T19:48:08","date_gmt":"2022-02-28T18:48:08","guid":{"rendered":"https:\/\/www.pta.med.pl\/?p=15374"},"modified":"2022-02-28T19:48:08","modified_gmt":"2022-02-28T18:48:08","slug":"przewodniczacy-kapituly-ds-nadawania-godnosci-czlonka-honorowego-pta-2-2-2-2-2-2-2","status":"publish","type":"post","link":"https:\/\/old.pta.med.pl\/?p=15374","title":{"rendered":"Kampania edukacyjna &#8220;Choroby Rzadkie&#8221;"},"content":{"rendered":"<p>Dzi\u015b wraz z prenumerat\u0105 online Dziennika Gazety Prawnej oraz na portalu Medonet ukaza\u0142a si\u0119 kampania edukacyjna pt. \u201eChoroby Rzadkie\u201d, pod patronatem Polskiego Towarzystwa Alergologicznego.<\/p>\n<p>Publikacja jest zwie\u0144czeniem obchod\u00f3w \u015awiatowego Dnia Chor\u00f3b Rzadkich przypadaj\u0105cego na dzie\u0144 dzisiejszy i stanowi kompendium wiedzy na temat wci\u0105\u017c ma\u0142o znanych i przewa\u017cnie pomijanych przez system, rzadkich schorzeniach. Priorytetowym celem kampanii jest budowanie spo\u0142ecznej \u015bwiadomo\u015bci w zakresie wiedzy, dotycz\u0105cej schorze\u0144 rzadkich oraz zmiana sytuacji pacjent\u00f3w na lepsze. W publikacji poruszone zosta\u0142y tematy problematycznej diagnostyki, dost\u0119pnych terapii w Polsce, przedstawiono sylwetki pacjent\u00f3w mierz\u0105cych si\u0119 z dan\u0105 chorob\u0105 rzadk\u0105. Stawiamy na rzetelny przekaz, dlatego <strong>tre\u015bci w wydaniu stanowi\u0105 wypowiedzi wybitnych ekspert\u00f3w.<\/strong><\/p>\n<p>Szczeg\u00f3lnie zach\u0119camy do lektury materia\u0142u na temat wrodzonego obrz\u0119ku naczynioruchowego (HAE), kt\u00f3ry powsta\u0142 przy wsp\u00f3\u0142pracy z <strong>dr n. med. Aleksandra Kucharczyk <\/strong>z Polskiego Towarzystwa Alergologicznego<\/p>\n<p>Zapraszamy do lektury kampanii \u201eChoroby Rzadkie<\/p>\n<p><a href=\"http:\/\/project.mediaplanet.com\/25706.pdf\" target=\"_blank\" rel=\"noopener\">http:\/\/project.mediaplanet.com\/25706.pdf<\/a><\/p>\n<p>&nbsp;<\/p>\n","protected":false},"excerpt":{"rendered":"<p>Dzi\u015b wraz z prenumerat\u0105 online Dziennika Gazety Prawnej oraz na portalu Medonet ukaza\u0142a si\u0119 kampania edukacyjna pt. \u201eChoroby Rzadkie\u201d, pod patronatem Polskiego Towarzystwa Alergologicznego. Publikacja jest zwie\u0144czeniem obchod\u00f3w \u015awiatowego Dnia Chor\u00f3b Rzadkich przypadaj\u0105cego na dzie\u0144 dzisiejszy i stanowi kompendium wiedzy na temat wci\u0105\u017c ma\u0142o znanych i przewa\u017cnie pomijanych przez system, rzadkich schorzeniach. Priorytetowym celem kampanii [&hellip;]<\/p>\n","protected":false},"author":1,"featured_media":15375,"comment_status":"closed","ping_status":"closed","sticky":false,"template":"","format":"standard","meta":{"ngg_post_thumbnail":0},"categories":[3],"tags":[],"_links":{"self":[{"href":"https:\/\/old.pta.med.pl\/index.php?rest_route=\/wp\/v2\/posts\/15374"}],"collection":[{"href":"https:\/\/old.pta.med.pl\/index.php?rest_route=\/wp\/v2\/posts"}],"about":[{"href":"https:\/\/old.pta.med.pl\/index.php?rest_route=\/wp\/v2\/types\/post"}],"author":[{"embeddable":true,"href":"https:\/\/old.pta.med.pl\/index.php?rest_route=\/wp\/v2\/users\/1"}],"replies":[{"embeddable":true,"href":"https:\/\/old.pta.med.pl\/index.php?rest_route=%2Fwp%2Fv2%2Fcomments&post=15374"}],"version-history":[{"count":1,"href":"https:\/\/old.pta.med.pl\/index.php?rest_route=\/wp\/v2\/posts\/15374\/revisions"}],"predecessor-version":[{"id":15376,"href":"https:\/\/old.pta.med.pl\/index.php?rest_route=\/wp\/v2\/posts\/15374\/revisions\/15376"}],"wp:featuredmedia":[{"embeddable":true,"href":"https:\/\/old.pta.med.pl\/index.php?rest_route=\/wp\/v2\/media\/15375"}],"wp:attachment":[{"href":"https:\/\/old.pta.med.pl\/index.php?rest_route=%2Fwp%2Fv2%2Fmedia&parent=15374"}],"wp:term":[{"taxonomy":"category","embeddable":true,"href":"https:\/\/old.pta.med.pl\/index.php?rest_route=%2Fwp%2Fv2%2Fcategories&post=15374"},{"taxonomy":"post_tag","embeddable":true,"href":"https:\/\/old.pta.med.pl\/index.php?rest_route=%2Fwp%2Fv2%2Ftags&post=15374"}],"curies":[{"name":"wp","href":"https:\/\/api.w.org\/{rel}","templated":true}]}}