{"id":15528,"date":"2022-03-24T12:01:29","date_gmt":"2022-03-24T11:01:29","guid":{"rendered":"https:\/\/www.pta.med.pl\/?p=15528"},"modified":"2022-03-24T12:01:29","modified_gmt":"2022-03-24T11:01:29","slug":"przewodniczacy-kapituly-ds-nadawania-godnosci-czlonka-honorowego-pta-2-3-2-2-2-2-2-2-2-2","status":"publish","type":"post","link":"https:\/\/old.pta.med.pl\/?p=15528","title":{"rendered":"Spotkanie sekcji PTA &#8220;Anafilaksja, alergia na jady owad\u00f3w, mastocytoza&#8221;"},"content":{"rendered":"<p>Chcia\u0142bym serdecznie zaprosi\u0107 na kolejne spotkanie sekcji PTA &#8220;Anafilaksja, alergia na jady owad\u00f3w, mastocytoza&#8221;, kt\u00f3re odb\u0119dzie si\u0119 w pi\u0105tek 1.04.2022. o godz. 18.00. Spotkanie odb\u0119dzie si\u0119 online.<\/p>\n<p>Podczas spotkania om\u00f3wimy najwa\u017cniejsze nowo\u015bci w pal\u0105cych problemach naszej specjalno\u015bci jak nowo\u015bci w rozpoznawaniu i leczeniu anafilaksji, alergii na jady owad\u00f3w i mastocytozy, w tym spowodowane pandemi\u0105 COVID. Po spotkaniu zapraszam na dyskusj\u0119, licz\u0105c na wymian\u0119 pogl\u0105d\u00f3w i do\u015bwiadcze\u0144. Mam nadziej\u0119, \u017ce nast\u0119pne spotkanie b\u0119dzie mog\u0142o odby\u0107 si\u0119 w formie tradycyjnej.<\/p>\n<p>Program spotkania (prezentacje 20-minutowe):<\/p>\n<ol>\n<li>Dr \u0141ukasz B\u0142a\u017cowski \u2013\u00a0<em>Nowo\u015bci w rozpoznawaniu i leczeniu anafilaksji<\/em><\/li>\n<li>Prof. dr hab. Marita Nittner-Marszalska \u2013\u00a0<em>Odczulanie na jady owad\u00f3w w czasie kryzysu covidowego<\/em><\/li>\n<li>Prof. dr hab. Ewa Cichocka\u2013Jarosz \u2013\u00a0<em>COVID u dzieci z anafilaksj\u0105 w wywiadzie<\/em><\/li>\n<li>Prof. dr hab. med. Marek Niedoszytko \u2013\u00a0<em>Kiedy my\u015blimy o zaawansowanej postaci mastocytozy<\/em><\/li>\n<li>Dr Jan Romantowski \u2013\u00a0<em>Szczepienie na COVID u chorych z anafilaksj\u0105 w wywiadzie<\/em><\/li>\n<li>Dyskusja<\/li>\n<\/ol>\n<p>Osoby zainteresowane udzia\u0142 w spotkaniu on-line prosimy o tak\u0105 deklaracj\u0119 na adres mailowy\u00a0<a href=\"mailto:aleksander.junak@pta.med.pl\">aleksander.junak@pta.med.pl<\/a>.<\/p>\n<p>Do os\u00f3b, kt\u00f3re si\u0119 zg\u0142osz\u0105 na spotkanie Sekcji on-line, w przeddzie\u0144 spotkania zostanie przes\u0142any link do udzia\u0142u.<\/p>\n<p>Serdecznie pozdrawiam i zapraszam,<\/p>\n<p><strong>Prof. Marek Niedoszytko<br \/>\n<\/strong>Przewodnicz\u0105cy Sekcji PTA<br \/>\n&#8220;Anafilaksja, alergia na jady owad\u00f3w, mastocytoza&#8221;<\/p>\n<p>&nbsp;<\/p>\n","protected":false},"excerpt":{"rendered":"<p>Chcia\u0142bym serdecznie zaprosi\u0107 na kolejne spotkanie sekcji PTA &#8220;Anafilaksja, alergia na jady owad\u00f3w, mastocytoza&#8221;, kt\u00f3re odb\u0119dzie si\u0119 w pi\u0105tek 1.04.2022. o godz. 18.00. Spotkanie odb\u0119dzie si\u0119 online. Podczas spotkania om\u00f3wimy najwa\u017cniejsze nowo\u015bci w pal\u0105cych problemach naszej specjalno\u015bci jak nowo\u015bci w rozpoznawaniu i leczeniu anafilaksji, alergii na jady owad\u00f3w i mastocytozy, w tym spowodowane pandemi\u0105 COVID. [&hellip;]<\/p>\n","protected":false},"author":1,"featured_media":15529,"comment_status":"closed","ping_status":"closed","sticky":false,"template":"","format":"standard","meta":{"ngg_post_thumbnail":0},"categories":[4],"tags":[],"_links":{"self":[{"href":"https:\/\/old.pta.med.pl\/index.php?rest_route=\/wp\/v2\/posts\/15528"}],"collection":[{"href":"https:\/\/old.pta.med.pl\/index.php?rest_route=\/wp\/v2\/posts"}],"about":[{"href":"https:\/\/old.pta.med.pl\/index.php?rest_route=\/wp\/v2\/types\/post"}],"author":[{"embeddable":true,"href":"https:\/\/old.pta.med.pl\/index.php?rest_route=\/wp\/v2\/users\/1"}],"replies":[{"embeddable":true,"href":"https:\/\/old.pta.med.pl\/index.php?rest_route=%2Fwp%2Fv2%2Fcomments&post=15528"}],"version-history":[{"count":1,"href":"https:\/\/old.pta.med.pl\/index.php?rest_route=\/wp\/v2\/posts\/15528\/revisions"}],"predecessor-version":[{"id":15530,"href":"https:\/\/old.pta.med.pl\/index.php?rest_route=\/wp\/v2\/posts\/15528\/revisions\/15530"}],"wp:featuredmedia":[{"embeddable":true,"href":"https:\/\/old.pta.med.pl\/index.php?rest_route=\/wp\/v2\/media\/15529"}],"wp:attachment":[{"href":"https:\/\/old.pta.med.pl\/index.php?rest_route=%2Fwp%2Fv2%2Fmedia&parent=15528"}],"wp:term":[{"taxonomy":"category","embeddable":true,"href":"https:\/\/old.pta.med.pl\/index.php?rest_route=%2Fwp%2Fv2%2Fcategories&post=15528"},{"taxonomy":"post_tag","embeddable":true,"href":"https:\/\/old.pta.med.pl\/index.php?rest_route=%2Fwp%2Fv2%2Ftags&post=15528"}],"curies":[{"name":"wp","href":"https:\/\/api.w.org\/{rel}","templated":true}]}}