{"id":15531,"date":"2022-03-24T13:19:48","date_gmt":"2022-03-24T12:19:48","guid":{"rendered":"https:\/\/www.pta.med.pl\/?p=15531"},"modified":"2022-03-24T13:41:59","modified_gmt":"2022-03-24T12:41:59","slug":"przewodniczacy-kapituly-ds-nadawania-godnosci-czlonka-honorowego-pta-2-2-2-2-2-2-2-2","status":"publish","type":"post","link":"https:\/\/old.pta.med.pl\/?p=15531","title":{"rendered":"Eksperci Koalicji na rzecz Leczenia Astmy w rozmowie z Medexpress"},"content":{"rendered":"<div class=\"kvgmc6g5 cxmmr5t8 oygrvhab hcukyx3x c1et5uql ii04i59q\">\n<div dir=\"auto\">Astma, zar\u00f3wno w globalnym jak i lokalnym uj\u0119ciu, jest bardzo du\u017cym problemem. Jej objawy mog\u0105 wyst\u0119powa\u0107 u 3,5 do 4 mln os\u00f3b.<\/div>\n<\/div>\n<div class=\"cxmmr5t8 oygrvhab hcukyx3x c1et5uql o9v6fnle ii04i59q\">\n<div dir=\"auto\">O tym jak wygl\u0105da leczenie astmy w Polsce oraz jakie koszty po\u015brednie i bezpo\u015brednie generuje ta jednostka chorobowa, a tak\u017ce co to s\u0105 standardy GINA, jak wykorzysta\u0107 system e-recepty w terapii astmy oraz jaki jest cel Koalicji na Rzecz Leczenia Astmy w rozmowie z <a class=\"oajrlxb2 g5ia77u1 qu0x051f esr5mh6w e9989ue4 r7d6kgcz rq0escxv nhd2j8a9 nc684nl6 p7hjln8o kvgmc6g5 cxmmr5t8 oygrvhab hcukyx3x jb3vyjys rz4wbd8a qt6c0cv9 a8nywdso i1ao9s8h esuyzwwr f1sip0of lzcic4wl gpro0wi8 q66pz984 b1v8xokw\" tabindex=\"0\" role=\"link\" href=\"https:\/\/www.facebook.com\/medexpresspl\/?__cft__[0]=AZUQxmYuZdT77gL5kQQQ-VCFcnTYrRm8xfM913fh4jJIefiCwpLB3r6M4BKFW6btfaLX07oasmg7gfadChuTem14BFroSTzszE1UZ3W_o-BtBx_k9-vmK3JzZdKng6YhVEbridc3tMDBsV_lEEwj4Ml55LKH6FtROL8e3eebB7Wlh7e4HFTo3ZaDulB35SWpR_Y&amp;__tn__=kK-R\"><span class=\"nc684nl6\">medexpress.pl<\/span><\/a> dr Ma\u0142gorzata Ga\u0142\u0105zka-Sobotka oraz prof. Maciej Kupczyk.<\/div>\n<\/div>\n<div class=\"cxmmr5t8 oygrvhab hcukyx3x c1et5uql o9v6fnle ii04i59q\">\n<div dir=\"auto\">\n<p>LINK <a class=\"oajrlxb2 g5ia77u1 qu0x051f esr5mh6w e9989ue4 r7d6kgcz rq0escxv nhd2j8a9 nc684nl6 p7hjln8o kvgmc6g5 cxmmr5t8 oygrvhab hcukyx3x jb3vyjys rz4wbd8a qt6c0cv9 a8nywdso i1ao9s8h esuyzwwr f1sip0of lzcic4wl gpro0wi8 py34i1dx\" tabindex=\"0\" role=\"link\" href=\"https:\/\/bit.ly\/3ICz82z?fbclid=IwAR3236RNjyx8C-uaem7RysqqS74s1M7Q4sZ2LMwQMJfo6FBzw2jUK0_8jZQ\" target=\"_blank\" rel=\"nofollow noopener\">bit.ly\/3ICz82z<\/a><\/p>\n<div><\/div>\n<\/div>\n<\/div>\n<p>&nbsp;<\/p>\n","protected":false},"excerpt":{"rendered":"<p>Astma, zar\u00f3wno w globalnym jak i lokalnym uj\u0119ciu, jest bardzo du\u017cym problemem. Jej objawy mog\u0105 wyst\u0119powa\u0107 u 3,5 do 4 mln os\u00f3b. O tym jak wygl\u0105da leczenie astmy w Polsce oraz jakie koszty po\u015brednie i bezpo\u015brednie generuje ta jednostka chorobowa, a tak\u017ce co to s\u0105 standardy GINA, jak wykorzysta\u0107 system e-recepty w terapii astmy oraz [&hellip;]<\/p>\n","protected":false},"author":1,"featured_media":15536,"comment_status":"closed","ping_status":"closed","sticky":false,"template":"","format":"standard","meta":{"ngg_post_thumbnail":0},"categories":[3],"tags":[],"_links":{"self":[{"href":"https:\/\/old.pta.med.pl\/index.php?rest_route=\/wp\/v2\/posts\/15531"}],"collection":[{"href":"https:\/\/old.pta.med.pl\/index.php?rest_route=\/wp\/v2\/posts"}],"about":[{"href":"https:\/\/old.pta.med.pl\/index.php?rest_route=\/wp\/v2\/types\/post"}],"author":[{"embeddable":true,"href":"https:\/\/old.pta.med.pl\/index.php?rest_route=\/wp\/v2\/users\/1"}],"replies":[{"embeddable":true,"href":"https:\/\/old.pta.med.pl\/index.php?rest_route=%2Fwp%2Fv2%2Fcomments&post=15531"}],"version-history":[{"count":2,"href":"https:\/\/old.pta.med.pl\/index.php?rest_route=\/wp\/v2\/posts\/15531\/revisions"}],"predecessor-version":[{"id":15535,"href":"https:\/\/old.pta.med.pl\/index.php?rest_route=\/wp\/v2\/posts\/15531\/revisions\/15535"}],"wp:featuredmedia":[{"embeddable":true,"href":"https:\/\/old.pta.med.pl\/index.php?rest_route=\/wp\/v2\/media\/15536"}],"wp:attachment":[{"href":"https:\/\/old.pta.med.pl\/index.php?rest_route=%2Fwp%2Fv2%2Fmedia&parent=15531"}],"wp:term":[{"taxonomy":"category","embeddable":true,"href":"https:\/\/old.pta.med.pl\/index.php?rest_route=%2Fwp%2Fv2%2Fcategories&post=15531"},{"taxonomy":"post_tag","embeddable":true,"href":"https:\/\/old.pta.med.pl\/index.php?rest_route=%2Fwp%2Fv2%2Ftags&post=15531"}],"curies":[{"name":"wp","href":"https:\/\/api.w.org\/{rel}","templated":true}]}}