{"id":15590,"date":"2022-04-07T12:10:28","date_gmt":"2022-04-07T10:10:28","guid":{"rendered":"https:\/\/www.pta.med.pl\/?p=15590"},"modified":"2022-04-07T12:10:28","modified_gmt":"2022-04-07T10:10:28","slug":"przewodniczacy-kapituly-ds-nadawania-godnosci-czlonka-honorowego-pta-2-2-2-2-3-2-2-2-2-2-2","status":"publish","type":"post","link":"https:\/\/old.pta.med.pl\/?p=15590","title":{"rendered":"Kalendarz pylenia"},"content":{"rendered":"<p>Zapraszamy do zapoznania si\u0119 z zaktualizowanym kalendarzem pylenia ro\u015blin w Polsce.<\/p>\n<p>Przed nami gwa\u0142towny wzrost st\u0119\u017cenia py\u0142ku brzozy. Sytuacja aerobiologiczna jest bardzo dynamiczna. Aktualne adresy internetowych serwis\u00f3w py\u0142kowych i aplikacji z aktualizowanymi na bie\u017c\u0105co informacjami znajdziecie Pa\u0144stwo na stronie <a href=\"http:\/\/www.alergen.info.pl\" target=\"_blank\" rel=\"noopener\">www.alergen.info.pl<\/a> .<\/p>\n<p>Alergeny py\u0142ku brzozy s\u0105 w naszym klimacie najcz\u0119stsz\u0105 przyczyn\u0105 objaw\u00f3w alergicznego zapalenia b\u0142ony \u015bluzowej nosa i spoj\u00f3wek w okresie wiosennym.<\/p>\n<p><img class=\"alignnone size-full wp-image-15592\" src=\"https:\/\/www.pta.med.pl\/wp-content\/uploads\/kalendarz_zbiorczy_2022_kwiecien_PTA.png\" alt=\"\" width=\"2784\" height=\"1694\" srcset=\"https:\/\/old.pta.med.pl\/wp-content\/uploads\/kalendarz_zbiorczy_2022_kwiecien_PTA-200x122.png 200w, https:\/\/old.pta.med.pl\/wp-content\/uploads\/kalendarz_zbiorczy_2022_kwiecien_PTA-400x243.png 400w, https:\/\/old.pta.med.pl\/wp-content\/uploads\/kalendarz_zbiorczy_2022_kwiecien_PTA-500x304.png 500w, https:\/\/old.pta.med.pl\/wp-content\/uploads\/kalendarz_zbiorczy_2022_kwiecien_PTA-600x365.png 600w, https:\/\/old.pta.med.pl\/wp-content\/uploads\/kalendarz_zbiorczy_2022_kwiecien_PTA-768x467.png 768w, https:\/\/old.pta.med.pl\/wp-content\/uploads\/kalendarz_zbiorczy_2022_kwiecien_PTA-800x487.png 800w, https:\/\/old.pta.med.pl\/wp-content\/uploads\/kalendarz_zbiorczy_2022_kwiecien_PTA-1200x730.png 1200w, https:\/\/old.pta.med.pl\/wp-content\/uploads\/kalendarz_zbiorczy_2022_kwiecien_PTA-1536x935.png 1536w, https:\/\/old.pta.med.pl\/wp-content\/uploads\/kalendarz_zbiorczy_2022_kwiecien_PTA.png 2784w\" sizes=\"(max-width: 2784px) 100vw, 2784px\" \/><\/p>\n","protected":false},"excerpt":{"rendered":"<p>Zapraszamy do zapoznania si\u0119 z zaktualizowanym kalendarzem pylenia ro\u015blin w Polsce. Przed nami gwa\u0142towny wzrost st\u0119\u017cenia py\u0142ku brzozy. Sytuacja aerobiologiczna jest bardzo dynamiczna. Aktualne adresy internetowych serwis\u00f3w py\u0142kowych i aplikacji z aktualizowanymi na bie\u017c\u0105co informacjami znajdziecie Pa\u0144stwo na stronie www.alergen.info.pl . Alergeny py\u0142ku brzozy s\u0105 w naszym klimacie najcz\u0119stsz\u0105 przyczyn\u0105 objaw\u00f3w alergicznego zapalenia b\u0142ony \u015bluzowej [&hellip;]<\/p>\n","protected":false},"author":1,"featured_media":15591,"comment_status":"closed","ping_status":"closed","sticky":false,"template":"","format":"standard","meta":{"ngg_post_thumbnail":0},"categories":[2],"tags":[],"_links":{"self":[{"href":"https:\/\/old.pta.med.pl\/index.php?rest_route=\/wp\/v2\/posts\/15590"}],"collection":[{"href":"https:\/\/old.pta.med.pl\/index.php?rest_route=\/wp\/v2\/posts"}],"about":[{"href":"https:\/\/old.pta.med.pl\/index.php?rest_route=\/wp\/v2\/types\/post"}],"author":[{"embeddable":true,"href":"https:\/\/old.pta.med.pl\/index.php?rest_route=\/wp\/v2\/users\/1"}],"replies":[{"embeddable":true,"href":"https:\/\/old.pta.med.pl\/index.php?rest_route=%2Fwp%2Fv2%2Fcomments&post=15590"}],"version-history":[{"count":1,"href":"https:\/\/old.pta.med.pl\/index.php?rest_route=\/wp\/v2\/posts\/15590\/revisions"}],"predecessor-version":[{"id":15593,"href":"https:\/\/old.pta.med.pl\/index.php?rest_route=\/wp\/v2\/posts\/15590\/revisions\/15593"}],"wp:featuredmedia":[{"embeddable":true,"href":"https:\/\/old.pta.med.pl\/index.php?rest_route=\/wp\/v2\/media\/15591"}],"wp:attachment":[{"href":"https:\/\/old.pta.med.pl\/index.php?rest_route=%2Fwp%2Fv2%2Fmedia&parent=15590"}],"wp:term":[{"taxonomy":"category","embeddable":true,"href":"https:\/\/old.pta.med.pl\/index.php?rest_route=%2Fwp%2Fv2%2Fcategories&post=15590"},{"taxonomy":"post_tag","embeddable":true,"href":"https:\/\/old.pta.med.pl\/index.php?rest_route=%2Fwp%2Fv2%2Ftags&post=15590"}],"curies":[{"name":"wp","href":"https:\/\/api.w.org\/{rel}","templated":true}]}}