{"id":15636,"date":"2022-04-25T15:14:33","date_gmt":"2022-04-25T13:14:33","guid":{"rendered":"https:\/\/www.pta.med.pl\/?p=15636"},"modified":"2022-04-25T15:16:21","modified_gmt":"2022-04-25T13:16:21","slug":"przewodniczacy-kapituly-ds-nadawania-godnosci-czlonka-honorowego-pta-2-2-2-2-2-2-2-2-2","status":"publish","type":"post","link":"https:\/\/old.pta.med.pl\/?p=15636","title":{"rendered":"Astma &#8211; nowe standardy leczenia, nowe wyzwania"},"content":{"rendered":"<div class=\"kvgmc6g5 cxmmr5t8 oygrvhab hcukyx3x c1et5uql ii04i59q\"><\/div>\n<div class=\"cxmmr5t8 oygrvhab hcukyx3x c1et5uql o9v6fnle ii04i59q\">\n<div dir=\"auto\">\n<p>Co powoduje rozw\u00f3j astmy? Czy mo\u017cna unikn\u0105\u0107 jej ci\u0119\u017ckiej postaci? Czy \u015bwiatowe standardy leczenia tej powszechnej choroby cywilizacyjnej s\u0105 dost\u0119pne dla polskich pacjent\u00f3w?<\/p>\n<p>W zwi\u0105zku ze \u015awiatowym Dniem Astmy w trakcie warsztat\u00f3w dla dziennikarzy pod patronatem Polskiego Towarzystwa Alergologicznego i Koalicji na rzecz Leczenia Astmy przedstawione zostan\u0105 te aktualne problemy i sposoby ich rozwi\u0105zania.<\/p>\n<p>Wybitni specjali\u015bci zabior\u0105 g\u0142os w kwestii zmian organizacyjnych, kt\u00f3re mog\u0105 wspom\u00f3c w\u0142a\u015bciwe prowadzenie os\u00f3b z astm\u0105 i umo\u017cliwi\u0107 lepsze kontrolowanie choroby, porusz\u0105 te\u017c temat konieczno\u015bci wczesnej diagnozy, aktualizacji schemat\u00f3w leczenia oraz modyfikacji jakich wymagaj\u0105 obecne programy lekowe.<\/p>\n<div><a href=\"https:\/\/us06web.zoom.us\/webinar\/register\/WN_KdZbgNlLQqOOX9BiRKNoJQ\" target=\"_blank\" rel=\"noopener\"><img class=\"alignnone wp-image-15638 size-fusion-800\" src=\"https:\/\/www.pta.med.pl\/wp-content\/uploads\/PROGRAM_26.04.2022_Astma-nowe-standardy-leczenia-nowe-wyzwania-800x1326.png\" alt=\"\" width=\"800\" height=\"1326\" srcset=\"https:\/\/old.pta.med.pl\/wp-content\/uploads\/PROGRAM_26.04.2022_Astma-nowe-standardy-leczenia-nowe-wyzwania-200x332.png 200w, https:\/\/old.pta.med.pl\/wp-content\/uploads\/PROGRAM_26.04.2022_Astma-nowe-standardy-leczenia-nowe-wyzwania-400x663.png 400w, https:\/\/old.pta.med.pl\/wp-content\/uploads\/PROGRAM_26.04.2022_Astma-nowe-standardy-leczenia-nowe-wyzwania-500x829.png 500w, https:\/\/old.pta.med.pl\/wp-content\/uploads\/PROGRAM_26.04.2022_Astma-nowe-standardy-leczenia-nowe-wyzwania-600x995.png 600w, https:\/\/old.pta.med.pl\/wp-content\/uploads\/PROGRAM_26.04.2022_Astma-nowe-standardy-leczenia-nowe-wyzwania-768x1273.png 768w, https:\/\/old.pta.med.pl\/wp-content\/uploads\/PROGRAM_26.04.2022_Astma-nowe-standardy-leczenia-nowe-wyzwania-800x1326.png 800w, https:\/\/old.pta.med.pl\/wp-content\/uploads\/PROGRAM_26.04.2022_Astma-nowe-standardy-leczenia-nowe-wyzwania-926x1536.png 926w, https:\/\/old.pta.med.pl\/wp-content\/uploads\/PROGRAM_26.04.2022_Astma-nowe-standardy-leczenia-nowe-wyzwania-1200x1990.png 1200w, https:\/\/old.pta.med.pl\/wp-content\/uploads\/PROGRAM_26.04.2022_Astma-nowe-standardy-leczenia-nowe-wyzwania-1235x2048.png 1235w, https:\/\/old.pta.med.pl\/wp-content\/uploads\/PROGRAM_26.04.2022_Astma-nowe-standardy-leczenia-nowe-wyzwania.png 2480w\" sizes=\"(max-width: 800px) 100vw, 800px\" \/><\/a><\/div>\n<\/div>\n<\/div>\n<p>&nbsp;<\/p>\n","protected":false},"excerpt":{"rendered":"<p>Co powoduje rozw\u00f3j astmy? Czy mo\u017cna unikn\u0105\u0107 jej ci\u0119\u017ckiej postaci? Czy \u015bwiatowe standardy leczenia tej powszechnej choroby cywilizacyjnej s\u0105 dost\u0119pne dla polskich pacjent\u00f3w? W zwi\u0105zku ze \u015awiatowym Dniem Astmy w trakcie warsztat\u00f3w dla dziennikarzy pod patronatem Polskiego Towarzystwa Alergologicznego i Koalicji na rzecz Leczenia Astmy przedstawione zostan\u0105 te aktualne problemy i sposoby ich rozwi\u0105zania. Wybitni [&hellip;]<\/p>\n","protected":false},"author":1,"featured_media":15637,"comment_status":"closed","ping_status":"closed","sticky":false,"template":"","format":"standard","meta":{"ngg_post_thumbnail":0},"categories":[3],"tags":[],"_links":{"self":[{"href":"https:\/\/old.pta.med.pl\/index.php?rest_route=\/wp\/v2\/posts\/15636"}],"collection":[{"href":"https:\/\/old.pta.med.pl\/index.php?rest_route=\/wp\/v2\/posts"}],"about":[{"href":"https:\/\/old.pta.med.pl\/index.php?rest_route=\/wp\/v2\/types\/post"}],"author":[{"embeddable":true,"href":"https:\/\/old.pta.med.pl\/index.php?rest_route=\/wp\/v2\/users\/1"}],"replies":[{"embeddable":true,"href":"https:\/\/old.pta.med.pl\/index.php?rest_route=%2Fwp%2Fv2%2Fcomments&post=15636"}],"version-history":[{"count":2,"href":"https:\/\/old.pta.med.pl\/index.php?rest_route=\/wp\/v2\/posts\/15636\/revisions"}],"predecessor-version":[{"id":15640,"href":"https:\/\/old.pta.med.pl\/index.php?rest_route=\/wp\/v2\/posts\/15636\/revisions\/15640"}],"wp:featuredmedia":[{"embeddable":true,"href":"https:\/\/old.pta.med.pl\/index.php?rest_route=\/wp\/v2\/media\/15637"}],"wp:attachment":[{"href":"https:\/\/old.pta.med.pl\/index.php?rest_route=%2Fwp%2Fv2%2Fmedia&parent=15636"}],"wp:term":[{"taxonomy":"category","embeddable":true,"href":"https:\/\/old.pta.med.pl\/index.php?rest_route=%2Fwp%2Fv2%2Fcategories&post=15636"},{"taxonomy":"post_tag","embeddable":true,"href":"https:\/\/old.pta.med.pl\/index.php?rest_route=%2Fwp%2Fv2%2Ftags&post=15636"}],"curies":[{"name":"wp","href":"https:\/\/api.w.org\/{rel}","templated":true}]}}