{"id":15736,"date":"2022-05-20T10:21:35","date_gmt":"2022-05-20T08:21:35","guid":{"rendered":"https:\/\/www.pta.med.pl\/?p=15736"},"modified":"2022-05-20T10:21:35","modified_gmt":"2022-05-20T08:21:35","slug":"przewodniczacy-kapituly-ds-nadawania-godnosci-czlonka-honorowego-pta-2-2-2-2-2-2-2-2-2-2-2","status":"publish","type":"post","link":"https:\/\/old.pta.med.pl\/?p=15736","title":{"rendered":"Kampania edukacyjno-merytoryczna \u201eZdrowy Oddech\u201d"},"content":{"rendered":"<div class=\"cxmmr5t8 oygrvhab hcukyx3x c1et5uql o9v6fnle ii04i59q\">\n<div dir=\"auto\">\n<p>Dzi\u015b w prenumeracie online dziennika Gazety Wyborczej oraz na portalu <a href=\"http:\/\/www.byczdrowym.info\/\" target=\"_blank\" rel=\"noopener\">www.byczdrowym.info<\/a> ruszy\u0142a edukacyjna kampania edukacyjno-merytoryczna \u201eZdrowy Oddech\u201d.<\/p>\n<p>Publikacja zosta\u0142a obj\u0119ta patronatem m. in. przez:<\/p>\n<ul>\n<li>Polskie Towarzystwo Alergologiczne,<\/li>\n<li>Koalicj\u0119 na rzecz Leczenia Astmy.<\/li>\n<\/ul>\n<p>Nadrz\u0119dnym\u00a0celem\u00a0projektu jest budowanie \u015bwiadomo\u015bci spo\u0142ecznej na temat objaw\u00f3w, \u015bcie\u017cki diagnostycznej jak i terapii chor\u00f3b uk\u0142adu oddechowego. W ramach kampanii przeprowadzono wywiady z przedstawicielami ochrony zdrowia oraz ekspertami. Poruszano tematyk\u0119 chor\u00f3b z zakresu pulmonologii, mi\u0119dzy innymi alergii i astmy.<\/p>\n<p>Tre\u015b\u0107 kampanii stanowi\u0105 wypowiedzi wybitnych specjalist\u00f3w, m.in. prof. Macieja Kupczyka &#8211; Prezydenta PTA oraz prof. Rados\u0142awa Gawlika &#8211; Prezydenta-Elekta PTA.<\/p>\n<p>Zapraszamy do lektury &#8211; <a href=\"http:\/\/project.mediaplanet.com\/26038.pdf\" target=\"_blank\" rel=\"noopener\">http:\/\/project.mediaplanet.com\/26038.pdf<\/a><\/p>\n<div><a href=\"http:\/\/project.mediaplanet.com\/26038.pdf\" target=\"_blank\" rel=\"noopener\"><img class=\"alignnone size-full wp-image-15738\" src=\"https:\/\/www.pta.med.pl\/wp-content\/uploads\/ZO-fragment.jpg\" alt=\"\" width=\"727\" height=\"547\" srcset=\"https:\/\/old.pta.med.pl\/wp-content\/uploads\/ZO-fragment-200x150.jpg 200w, https:\/\/old.pta.med.pl\/wp-content\/uploads\/ZO-fragment-400x301.jpg 400w, https:\/\/old.pta.med.pl\/wp-content\/uploads\/ZO-fragment-500x376.jpg 500w, https:\/\/old.pta.med.pl\/wp-content\/uploads\/ZO-fragment-600x451.jpg 600w, https:\/\/old.pta.med.pl\/wp-content\/uploads\/ZO-fragment.jpg 727w\" sizes=\"(max-width: 727px) 100vw, 727px\" \/><\/a><\/div>\n<\/div>\n<\/div>\n<p>&nbsp;<\/p>\n","protected":false},"excerpt":{"rendered":"<p>Dzi\u015b w prenumeracie online dziennika Gazety Wyborczej oraz na portalu www.byczdrowym.info ruszy\u0142a edukacyjna kampania edukacyjno-merytoryczna \u201eZdrowy Oddech\u201d. Publikacja zosta\u0142a obj\u0119ta patronatem m. in. przez: Polskie Towarzystwo Alergologiczne, Koalicj\u0119 na rzecz Leczenia Astmy. Nadrz\u0119dnym\u00a0celem\u00a0projektu jest budowanie \u015bwiadomo\u015bci spo\u0142ecznej na temat objaw\u00f3w, \u015bcie\u017cki diagnostycznej jak i terapii chor\u00f3b uk\u0142adu oddechowego. W ramach kampanii przeprowadzono wywiady z przedstawicielami [&hellip;]<\/p>\n","protected":false},"author":1,"featured_media":15737,"comment_status":"closed","ping_status":"closed","sticky":false,"template":"","format":"standard","meta":{"ngg_post_thumbnail":0},"categories":[3],"tags":[],"_links":{"self":[{"href":"https:\/\/old.pta.med.pl\/index.php?rest_route=\/wp\/v2\/posts\/15736"}],"collection":[{"href":"https:\/\/old.pta.med.pl\/index.php?rest_route=\/wp\/v2\/posts"}],"about":[{"href":"https:\/\/old.pta.med.pl\/index.php?rest_route=\/wp\/v2\/types\/post"}],"author":[{"embeddable":true,"href":"https:\/\/old.pta.med.pl\/index.php?rest_route=\/wp\/v2\/users\/1"}],"replies":[{"embeddable":true,"href":"https:\/\/old.pta.med.pl\/index.php?rest_route=%2Fwp%2Fv2%2Fcomments&post=15736"}],"version-history":[{"count":1,"href":"https:\/\/old.pta.med.pl\/index.php?rest_route=\/wp\/v2\/posts\/15736\/revisions"}],"predecessor-version":[{"id":15739,"href":"https:\/\/old.pta.med.pl\/index.php?rest_route=\/wp\/v2\/posts\/15736\/revisions\/15739"}],"wp:featuredmedia":[{"embeddable":true,"href":"https:\/\/old.pta.med.pl\/index.php?rest_route=\/wp\/v2\/media\/15737"}],"wp:attachment":[{"href":"https:\/\/old.pta.med.pl\/index.php?rest_route=%2Fwp%2Fv2%2Fmedia&parent=15736"}],"wp:term":[{"taxonomy":"category","embeddable":true,"href":"https:\/\/old.pta.med.pl\/index.php?rest_route=%2Fwp%2Fv2%2Fcategories&post=15736"},{"taxonomy":"post_tag","embeddable":true,"href":"https:\/\/old.pta.med.pl\/index.php?rest_route=%2Fwp%2Fv2%2Ftags&post=15736"}],"curies":[{"name":"wp","href":"https:\/\/api.w.org\/{rel}","templated":true}]}}