{"id":15823,"date":"2022-05-31T10:30:34","date_gmt":"2022-05-31T08:30:34","guid":{"rendered":"https:\/\/www.pta.med.pl\/?p=15823"},"modified":"2022-05-31T10:30:34","modified_gmt":"2022-05-31T08:30:34","slug":"przewodniczacy-kapituly-ds-nadawania-godnosci-czlonka-honorowego-pta-2-2-2-2-3-2-2-2-2-2-2-2-2-2-2-2-2","status":"publish","type":"post","link":"https:\/\/old.pta.med.pl\/?p=15823","title":{"rendered":"III Spotkanie Prezydium Koalicji na Rzecz Leczenia Astmy"},"content":{"rendered":"<p>25 maja w Toruniu odby\u0142o si\u0119 III spotkanie Prezydium Koalicji na rzecz Leczenia Astmy. W gronie ekspert\u00f3w i partner\u00f3w Koalicji omawiali\u015bmy takie tematy jak:<\/p>\n<ul>\n<li>aktywno\u015b\u0107 medialna Koalicji,<\/li>\n<li>plany wdro\u017cenia e-recepty 2.0 dla pacjent\u00f3w z astm\u0105,<\/li>\n<li>aplikacja mobilna dla os\u00f3b z astm\u0105,<\/li>\n<li>przygotowanie wytycznych leczenia astmy w j\u0119zyku polskim.<\/li>\n<\/ul>\n<p>O szczeg\u00f3\u0142owych planach Koalicji ju\u017c wkr\u00f3tce.<\/p>\n<p><img class=\"alignnone size-full wp-image-15824\" src=\"https:\/\/www.pta.med.pl\/wp-content\/uploads\/IIISpotkanie-post.jpg\" alt=\"\" width=\"600\" height=\"400\" srcset=\"https:\/\/old.pta.med.pl\/wp-content\/uploads\/IIISpotkanie-post-200x133.jpg 200w, https:\/\/old.pta.med.pl\/wp-content\/uploads\/IIISpotkanie-post-400x267.jpg 400w, https:\/\/old.pta.med.pl\/wp-content\/uploads\/IIISpotkanie-post-500x333.jpg 500w, https:\/\/old.pta.med.pl\/wp-content\/uploads\/IIISpotkanie-post.jpg 600w\" sizes=\"(max-width: 600px) 100vw, 600px\" \/><\/p>\n<p>&nbsp;<\/p>\n","protected":false},"excerpt":{"rendered":"<p>25 maja w Toruniu odby\u0142o si\u0119 III spotkanie Prezydium Koalicji na rzecz Leczenia Astmy. W gronie ekspert\u00f3w i partner\u00f3w Koalicji omawiali\u015bmy takie tematy jak: aktywno\u015b\u0107 medialna Koalicji, plany wdro\u017cenia e-recepty 2.0 dla pacjent\u00f3w z astm\u0105, aplikacja mobilna dla os\u00f3b z astm\u0105, przygotowanie wytycznych leczenia astmy w j\u0119zyku polskim. O szczeg\u00f3\u0142owych planach Koalicji ju\u017c wkr\u00f3tce. &nbsp;<\/p>\n","protected":false},"author":1,"featured_media":15824,"comment_status":"closed","ping_status":"closed","sticky":false,"template":"","format":"standard","meta":{"ngg_post_thumbnail":0},"categories":[2],"tags":[],"_links":{"self":[{"href":"https:\/\/old.pta.med.pl\/index.php?rest_route=\/wp\/v2\/posts\/15823"}],"collection":[{"href":"https:\/\/old.pta.med.pl\/index.php?rest_route=\/wp\/v2\/posts"}],"about":[{"href":"https:\/\/old.pta.med.pl\/index.php?rest_route=\/wp\/v2\/types\/post"}],"author":[{"embeddable":true,"href":"https:\/\/old.pta.med.pl\/index.php?rest_route=\/wp\/v2\/users\/1"}],"replies":[{"embeddable":true,"href":"https:\/\/old.pta.med.pl\/index.php?rest_route=%2Fwp%2Fv2%2Fcomments&post=15823"}],"version-history":[{"count":1,"href":"https:\/\/old.pta.med.pl\/index.php?rest_route=\/wp\/v2\/posts\/15823\/revisions"}],"predecessor-version":[{"id":15826,"href":"https:\/\/old.pta.med.pl\/index.php?rest_route=\/wp\/v2\/posts\/15823\/revisions\/15826"}],"wp:featuredmedia":[{"embeddable":true,"href":"https:\/\/old.pta.med.pl\/index.php?rest_route=\/wp\/v2\/media\/15824"}],"wp:attachment":[{"href":"https:\/\/old.pta.med.pl\/index.php?rest_route=%2Fwp%2Fv2%2Fmedia&parent=15823"}],"wp:term":[{"taxonomy":"category","embeddable":true,"href":"https:\/\/old.pta.med.pl\/index.php?rest_route=%2Fwp%2Fv2%2Fcategories&post=15823"},{"taxonomy":"post_tag","embeddable":true,"href":"https:\/\/old.pta.med.pl\/index.php?rest_route=%2Fwp%2Fv2%2Ftags&post=15823"}],"curies":[{"name":"wp","href":"https:\/\/api.w.org\/{rel}","templated":true}]}}