{"id":15836,"date":"2022-06-06T09:50:38","date_gmt":"2022-06-06T07:50:38","guid":{"rendered":"https:\/\/www.pta.med.pl\/?p=15836"},"modified":"2022-06-06T09:57:53","modified_gmt":"2022-06-06T07:57:53","slug":"przewodniczacy-kapituly-ds-nadawania-godnosci-czlonka-honorowego-pta-2-2-2-2-3-2-2-2-2-2-2-2-2-2-2-2-2-2-2","status":"publish","type":"post","link":"https:\/\/old.pta.med.pl\/?p=15836","title":{"rendered":"Live &#8211; Leczenie astmy w Polsce. Perspektywa pacjenta i lekarza"},"content":{"rendered":"<div class=\"kvgmc6g5 cxmmr5t8 oygrvhab hcukyx3x c1et5uql ii04i59q\">\n<div dir=\"auto\">Ju\u017c dzisiaj (6.06) o godz. 21:00, na profilu <a class=\"oajrlxb2 g5ia77u1 qu0x051f esr5mh6w e9989ue4 r7d6kgcz rq0escxv nhd2j8a9 nc684nl6 p7hjln8o kvgmc6g5 cxmmr5t8 oygrvhab hcukyx3x jb3vyjys rz4wbd8a qt6c0cv9 a8nywdso i1ao9s8h esuyzwwr f1sip0of lzcic4wl gpro0wi8 q66pz984 b1v8xokw\" tabindex=\"0\" role=\"link\" href=\"https:\/\/www.facebook.com\/agata.mlynarska.3?__cft__[0]=AZVLKKXOUwtNUk5YEN31PQEGd5jodPrCdQpU-hpEbsdgscM2MlpwBskJCX8gmC8OY6B3tna10Cb-RvWF7d8JXovzytymLQu2ktN2j2Mac0yTaO7GmFcjBCtM_kL6-d1FeYyR44OaXRDvX1CMJsPRzRNDYdWTkzqkmVBUHwQf06frUAfgISIjrE4YUSVmvAvcSqVUFi7IaH0fFucP3GEWTU-V&amp;__tn__=-]K-R\" target=\"_blank\" rel=\"noopener\"><span class=\"nc684nl6\">Agata M\u0142ynarska<\/span><\/a> odb\u0119dzie si\u0119 LIVE!<\/div>\n<\/div>\n<div class=\"cxmmr5t8 oygrvhab hcukyx3x c1et5uql o9v6fnle ii04i59q\">\n<div dir=\"auto\">Pani Agata porozmawia z dr Izabel\u0105 Kupry\u015b \u2013 Lipi\u0144sk\u0105, specjalistk\u0105 chor\u00f3b wewn\u0119trznych i alergologii, cz\u0142onkini\u0105 Zarz\u0105du G\u0142\u00f3wnego PTA.<\/div>\n<\/div>\n<div class=\"cxmmr5t8 oygrvhab hcukyx3x c1et5uql o9v6fnle ii04i59q\">\n<div dir=\"auto\">Temat rozmowy: Leczenie astmy w Polsce. Perspektywa pacjenta i lekarza.<\/div>\n<\/div>\n<div class=\"cxmmr5t8 oygrvhab hcukyx3x c1et5uql o9v6fnle ii04i59q\">\n<div dir=\"auto\">LIVE realizowany jest w ramach \u015awiatowego Tygodnia Alergii, kt\u00f3rego partnerami s\u0105 <span class=\"nc684nl6\">Polskie Towarzystwo Alergologiczne<\/span> i Koalicja na rzecz Leczenia Astmy.<\/div>\n<div dir=\"auto\">\u015awiatowy Tydzie\u0144 Alergii trwa od 5 do 11\u00a0czerwca.<\/div>\n<\/div>\n<div class=\"cxmmr5t8 oygrvhab hcukyx3x c1et5uql o9v6fnle ii04i59q\">\n<div dir=\"auto\">Serdecznie zapraszamy!<\/div>\n<div dir=\"auto\"><img class=\"wp-image-15840 size-fusion-600 aligncenter\" src=\"https:\/\/www.pta.med.pl\/wp-content\/uploads\/2022_06_06_Izabela_Kuprys_Lipinska-1-600x600.png\" alt=\"\" width=\"600\" height=\"600\" srcset=\"https:\/\/old.pta.med.pl\/wp-content\/uploads\/2022_06_06_Izabela_Kuprys_Lipinska-1-66x66.png 66w, https:\/\/old.pta.med.pl\/wp-content\/uploads\/2022_06_06_Izabela_Kuprys_Lipinska-1-100x100.png 100w, https:\/\/old.pta.med.pl\/wp-content\/uploads\/2022_06_06_Izabela_Kuprys_Lipinska-1-200x200.png 200w, https:\/\/old.pta.med.pl\/wp-content\/uploads\/2022_06_06_Izabela_Kuprys_Lipinska-1-250x250.png 250w, https:\/\/old.pta.med.pl\/wp-content\/uploads\/2022_06_06_Izabela_Kuprys_Lipinska-1-300x300.png 300w, https:\/\/old.pta.med.pl\/wp-content\/uploads\/2022_06_06_Izabela_Kuprys_Lipinska-1-400x400.png 400w, https:\/\/old.pta.med.pl\/wp-content\/uploads\/2022_06_06_Izabela_Kuprys_Lipinska-1-500x500.png 500w, https:\/\/old.pta.med.pl\/wp-content\/uploads\/2022_06_06_Izabela_Kuprys_Lipinska-1-600x600.png 600w, https:\/\/old.pta.med.pl\/wp-content\/uploads\/2022_06_06_Izabela_Kuprys_Lipinska-1-768x768.png 768w, https:\/\/old.pta.med.pl\/wp-content\/uploads\/2022_06_06_Izabela_Kuprys_Lipinska-1-800x800.png 800w, https:\/\/old.pta.med.pl\/wp-content\/uploads\/2022_06_06_Izabela_Kuprys_Lipinska-1-1000x1000.png 1000w, https:\/\/old.pta.med.pl\/wp-content\/uploads\/2022_06_06_Izabela_Kuprys_Lipinska-1.png 1200w\" sizes=\"(max-width: 600px) 100vw, 600px\" \/><\/div>\n<\/div>\n<p>&nbsp;<\/p>\n<p>&nbsp;<\/p>\n<p>&nbsp;<\/p>\n","protected":false},"excerpt":{"rendered":"<p>Ju\u017c dzisiaj (6.06) o godz. 21:00, na profilu Agata M\u0142ynarska odb\u0119dzie si\u0119 LIVE! Pani Agata porozmawia z dr Izabel\u0105 Kupry\u015b \u2013 Lipi\u0144sk\u0105, specjalistk\u0105 chor\u00f3b wewn\u0119trznych i alergologii, cz\u0142onkini\u0105 Zarz\u0105du G\u0142\u00f3wnego PTA. Temat rozmowy: Leczenie astmy w Polsce. Perspektywa pacjenta i lekarza. LIVE realizowany jest w ramach \u015awiatowego Tygodnia Alergii, kt\u00f3rego partnerami s\u0105 Polskie Towarzystwo Alergologiczne [&hellip;]<\/p>\n","protected":false},"author":1,"featured_media":15839,"comment_status":"closed","ping_status":"closed","sticky":false,"template":"","format":"standard","meta":{"ngg_post_thumbnail":0},"categories":[2],"tags":[],"_links":{"self":[{"href":"https:\/\/old.pta.med.pl\/index.php?rest_route=\/wp\/v2\/posts\/15836"}],"collection":[{"href":"https:\/\/old.pta.med.pl\/index.php?rest_route=\/wp\/v2\/posts"}],"about":[{"href":"https:\/\/old.pta.med.pl\/index.php?rest_route=\/wp\/v2\/types\/post"}],"author":[{"embeddable":true,"href":"https:\/\/old.pta.med.pl\/index.php?rest_route=\/wp\/v2\/users\/1"}],"replies":[{"embeddable":true,"href":"https:\/\/old.pta.med.pl\/index.php?rest_route=%2Fwp%2Fv2%2Fcomments&post=15836"}],"version-history":[{"count":3,"href":"https:\/\/old.pta.med.pl\/index.php?rest_route=\/wp\/v2\/posts\/15836\/revisions"}],"predecessor-version":[{"id":15842,"href":"https:\/\/old.pta.med.pl\/index.php?rest_route=\/wp\/v2\/posts\/15836\/revisions\/15842"}],"wp:featuredmedia":[{"embeddable":true,"href":"https:\/\/old.pta.med.pl\/index.php?rest_route=\/wp\/v2\/media\/15839"}],"wp:attachment":[{"href":"https:\/\/old.pta.med.pl\/index.php?rest_route=%2Fwp%2Fv2%2Fmedia&parent=15836"}],"wp:term":[{"taxonomy":"category","embeddable":true,"href":"https:\/\/old.pta.med.pl\/index.php?rest_route=%2Fwp%2Fv2%2Fcategories&post=15836"},{"taxonomy":"post_tag","embeddable":true,"href":"https:\/\/old.pta.med.pl\/index.php?rest_route=%2Fwp%2Fv2%2Ftags&post=15836"}],"curies":[{"name":"wp","href":"https:\/\/api.w.org\/{rel}","templated":true}]}}