{"id":15848,"date":"2022-06-09T13:28:19","date_gmt":"2022-06-09T11:28:19","guid":{"rendered":"https:\/\/www.pta.med.pl\/?p=15848"},"modified":"2022-06-09T13:28:19","modified_gmt":"2022-06-09T11:28:19","slug":"przewodniczacy-kapituly-ds-nadawania-godnosci-czlonka-honorowego-pta-2-2-2-2-3-2-2-2-2-2-2-2-2-2-2-2-2-2-2-2","status":"publish","type":"post","link":"https:\/\/old.pta.med.pl\/?p=15848","title":{"rendered":"World Allergy Week &#8211; webinar"},"content":{"rendered":"<div class=\"kvgmc6g5 cxmmr5t8 oygrvhab hcukyx3x c1et5uql ii04i59q\"><\/div>\n<div class=\"cxmmr5t8 oygrvhab hcukyx3x c1et5uql o9v6fnle ii04i59q\">\n<div dir=\"auto\">Ju\u017c 9 czerwca o godz. 14.00, podczas zorganizowanego przez World Allergy Organization webinaru, mi\u0119dzynarodowi eksperci w zakresie alergologii wypowiedz\u0105 si\u0119 w kwestiach diagnozowania, leczenia i budowania \u015bwiadomo\u015bci na temat astmy i alergicznych chor\u00f3b dr\u00f3g oddechowych. Jako partnerzy \u015awiatowego Tygodnia Alergii, serdecznie zach\u0119camy do udzia\u0142u w wydarzeniu. Szczeg\u00f3\u0142y i rejestracja<a href=\"https:\/\/www.worldallergy.org\/resources\/world-allergy\/\" target=\"_blank\" rel=\"noopener\"> https:\/\/www.worldallergy.org&#8230;<\/a><\/div>\n<div dir=\"auto\"><\/div>\n<\/div>\n<p><img class=\"alignnone size-full wp-image-15850\" src=\"https:\/\/www.pta.med.pl\/wp-content\/uploads\/woa-webinar.png\" alt=\"\" width=\"1280\" height=\"720\" srcset=\"https:\/\/old.pta.med.pl\/wp-content\/uploads\/woa-webinar-200x113.png 200w, https:\/\/old.pta.med.pl\/wp-content\/uploads\/woa-webinar-400x225.png 400w, https:\/\/old.pta.med.pl\/wp-content\/uploads\/woa-webinar-500x281.png 500w, https:\/\/old.pta.med.pl\/wp-content\/uploads\/woa-webinar-600x338.png 600w, https:\/\/old.pta.med.pl\/wp-content\/uploads\/woa-webinar-768x432.png 768w, https:\/\/old.pta.med.pl\/wp-content\/uploads\/woa-webinar-800x450.png 800w, https:\/\/old.pta.med.pl\/wp-content\/uploads\/woa-webinar-1200x675.png 1200w, https:\/\/old.pta.med.pl\/wp-content\/uploads\/woa-webinar.png 1280w\" sizes=\"(max-width: 1280px) 100vw, 1280px\" \/><\/p>\n<p>&nbsp;<\/p>\n<p>&nbsp;<\/p>\n","protected":false},"excerpt":{"rendered":"<p>Ju\u017c 9 czerwca o godz. 14.00, podczas zorganizowanego przez World Allergy Organization webinaru, mi\u0119dzynarodowi eksperci w zakresie alergologii wypowiedz\u0105 si\u0119 w kwestiach diagnozowania, leczenia i budowania \u015bwiadomo\u015bci na temat astmy i alergicznych chor\u00f3b dr\u00f3g oddechowych. Jako partnerzy \u015awiatowego Tygodnia Alergii, serdecznie zach\u0119camy do udzia\u0142u w wydarzeniu. Szczeg\u00f3\u0142y i rejestracja https:\/\/www.worldallergy.org&#8230; &nbsp; &nbsp;<\/p>\n","protected":false},"author":1,"featured_media":15849,"comment_status":"closed","ping_status":"closed","sticky":false,"template":"","format":"standard","meta":{"ngg_post_thumbnail":0},"categories":[2],"tags":[],"_links":{"self":[{"href":"https:\/\/old.pta.med.pl\/index.php?rest_route=\/wp\/v2\/posts\/15848"}],"collection":[{"href":"https:\/\/old.pta.med.pl\/index.php?rest_route=\/wp\/v2\/posts"}],"about":[{"href":"https:\/\/old.pta.med.pl\/index.php?rest_route=\/wp\/v2\/types\/post"}],"author":[{"embeddable":true,"href":"https:\/\/old.pta.med.pl\/index.php?rest_route=\/wp\/v2\/users\/1"}],"replies":[{"embeddable":true,"href":"https:\/\/old.pta.med.pl\/index.php?rest_route=%2Fwp%2Fv2%2Fcomments&post=15848"}],"version-history":[{"count":1,"href":"https:\/\/old.pta.med.pl\/index.php?rest_route=\/wp\/v2\/posts\/15848\/revisions"}],"predecessor-version":[{"id":15851,"href":"https:\/\/old.pta.med.pl\/index.php?rest_route=\/wp\/v2\/posts\/15848\/revisions\/15851"}],"wp:featuredmedia":[{"embeddable":true,"href":"https:\/\/old.pta.med.pl\/index.php?rest_route=\/wp\/v2\/media\/15849"}],"wp:attachment":[{"href":"https:\/\/old.pta.med.pl\/index.php?rest_route=%2Fwp%2Fv2%2Fmedia&parent=15848"}],"wp:term":[{"taxonomy":"category","embeddable":true,"href":"https:\/\/old.pta.med.pl\/index.php?rest_route=%2Fwp%2Fv2%2Fcategories&post=15848"},{"taxonomy":"post_tag","embeddable":true,"href":"https:\/\/old.pta.med.pl\/index.php?rest_route=%2Fwp%2Fv2%2Ftags&post=15848"}],"curies":[{"name":"wp","href":"https:\/\/api.w.org\/{rel}","templated":true}]}}