{"id":15858,"date":"2022-06-10T18:30:41","date_gmt":"2022-06-10T16:30:41","guid":{"rendered":"https:\/\/www.pta.med.pl\/?p=15858"},"modified":"2022-06-10T18:30:41","modified_gmt":"2022-06-10T16:30:41","slug":"przewodniczacy-kapituly-ds-nadawania-godnosci-czlonka-honorowego-pta-2-2-2-2-2-2-2-2-2-2-2-2-2","status":"publish","type":"post","link":"https:\/\/old.pta.med.pl\/?p=15858","title":{"rendered":"Jak powinna wygl\u0105da\u0107 \u015bcie\u017cka leczenia pacjent\u00f3w z astm\u0105?"},"content":{"rendered":"<div class=\"cxmmr5t8 oygrvhab hcukyx3x c1et5uql o9v6fnle ii04i59q\">\n<div dir=\"auto\">\n<div class=\"kvgmc6g5 cxmmr5t8 oygrvhab hcukyx3x c1et5uql ii04i59q\">\n<div dir=\"auto\">Zapraszamy do lektury kolejnego, ciekawego artyku\u0142u na stronie <span class=\"nc684nl6\">Rynek Zdrowia<\/span>.<\/div>\n<\/div>\n<div class=\"cxmmr5t8 oygrvhab hcukyx3x c1et5uql o9v6fnle ii04i59q\">\n<div dir=\"auto\">Tym razem o problemie astmy oraz astmy ci\u0119\u017ckiej wypowiedzia\u0142a si\u0119 prof. Joanna Chorostowska \u2013 Wynimko, kierownik Zak\u0142adu Genetyki i Immunologii Klinicznej Instytutu Gru\u017alicy i Chor\u00f3b P\u0142uc w Warszawie, sekretarz Generalnego Europejskiego Towarzystwa Chor\u00f3b P\u0142uc (ERS), sygnatariuszka Koalicji na rzecz Leczenia Astmy.<\/div>\n<\/div>\n<div class=\"cxmmr5t8 oygrvhab hcukyx3x c1et5uql o9v6fnle ii04i59q\">\n<ul>\n<li dir=\"auto\">Jak powinna wygl\u0105da\u0107 \u015bcie\u017cka leczenia pacjent\u00f3w z astm\u0105?<\/li>\n<li dir=\"auto\">Jakie s\u0105 wyzwania w kontek\u015bcie leczenia astmy?<\/li>\n<li dir=\"auto\">Jaki jest poziom \u015bwiadomo\u015bci i edukacji chorych?<\/li>\n<\/ul>\n<\/div>\n<div class=\"cxmmr5t8 oygrvhab hcukyx3x c1et5uql o9v6fnle ii04i59q\">\n<div dir=\"auto\">Na te i inne pytania odpowiedzi w artykule <a class=\"oajrlxb2 g5ia77u1 qu0x051f esr5mh6w e9989ue4 r7d6kgcz rq0escxv nhd2j8a9 nc684nl6 p7hjln8o kvgmc6g5 cxmmr5t8 oygrvhab hcukyx3x jb3vyjys rz4wbd8a qt6c0cv9 a8nywdso i1ao9s8h esuyzwwr f1sip0of lzcic4wl gpro0wi8 py34i1dx\" tabindex=\"0\" role=\"link\" href=\"https:\/\/l.facebook.com\/l.php?u=http%3A%2F%2Fwww.bit.ly%2F3tsaZGS%3Ffbclid%3DIwAR3wMue3q8jXOzwWFgj25Oekpf8jkUPutSKxmckITP2XoOET0xEQxfcdLxY&amp;h=AT2qXrHbEny_XJNAatTuf0DPmyzi9T3SqpHBmOarSTXpf3sgH6NZEAg8-p8rpXxXwhqJwF0RcqjMUCygdxR4kDX8RAJ9AWiGFWCk2KVQsOW964mQ6v2A9Rxgj1sWDPZeomOAQROvqw&amp;__tn__=-UK-R&amp;c[0]=AT0fq7VDw3iZOwggP7gR4bBoq93ALMSDdlVl3zq4uoelM2FCXc3E7TbgqLqaFd46E-AStV6eCu2WqCPUOPwv2GQ0JTuYpv7rNpquqG21tAlPTig13VqqtS-jDxtUfxlArWPWBsQdilvrjyNJvI0dyL5AxuvhpJHEbOCRw9gAbAaw_POQw3tFmyTzd_sIHTxdSmkLHMcWXnqMHvsBFJc3OB0l1CtstDI_KQ\" target=\"_blank\" rel=\"nofollow noopener\">www.bit.ly\/3tsaZGS<\/a>.<\/div>\n<\/div>\n<\/div>\n<\/div>\n<p>&nbsp;<\/p>\n","protected":false},"excerpt":{"rendered":"<p>Zapraszamy do lektury kolejnego, ciekawego artyku\u0142u na stronie Rynek Zdrowia. Tym razem o problemie astmy oraz astmy ci\u0119\u017ckiej wypowiedzia\u0142a si\u0119 prof. Joanna Chorostowska \u2013 Wynimko, kierownik Zak\u0142adu Genetyki i Immunologii Klinicznej Instytutu Gru\u017alicy i Chor\u00f3b P\u0142uc w Warszawie, sekretarz Generalnego Europejskiego Towarzystwa Chor\u00f3b P\u0142uc (ERS), sygnatariuszka Koalicji na rzecz Leczenia Astmy. Jak powinna wygl\u0105da\u0107 \u015bcie\u017cka [&hellip;]<\/p>\n","protected":false},"author":1,"featured_media":15859,"comment_status":"closed","ping_status":"closed","sticky":false,"template":"","format":"standard","meta":{"ngg_post_thumbnail":0},"categories":[3],"tags":[],"_links":{"self":[{"href":"https:\/\/old.pta.med.pl\/index.php?rest_route=\/wp\/v2\/posts\/15858"}],"collection":[{"href":"https:\/\/old.pta.med.pl\/index.php?rest_route=\/wp\/v2\/posts"}],"about":[{"href":"https:\/\/old.pta.med.pl\/index.php?rest_route=\/wp\/v2\/types\/post"}],"author":[{"embeddable":true,"href":"https:\/\/old.pta.med.pl\/index.php?rest_route=\/wp\/v2\/users\/1"}],"replies":[{"embeddable":true,"href":"https:\/\/old.pta.med.pl\/index.php?rest_route=%2Fwp%2Fv2%2Fcomments&post=15858"}],"version-history":[{"count":1,"href":"https:\/\/old.pta.med.pl\/index.php?rest_route=\/wp\/v2\/posts\/15858\/revisions"}],"predecessor-version":[{"id":15860,"href":"https:\/\/old.pta.med.pl\/index.php?rest_route=\/wp\/v2\/posts\/15858\/revisions\/15860"}],"wp:featuredmedia":[{"embeddable":true,"href":"https:\/\/old.pta.med.pl\/index.php?rest_route=\/wp\/v2\/media\/15859"}],"wp:attachment":[{"href":"https:\/\/old.pta.med.pl\/index.php?rest_route=%2Fwp%2Fv2%2Fmedia&parent=15858"}],"wp:term":[{"taxonomy":"category","embeddable":true,"href":"https:\/\/old.pta.med.pl\/index.php?rest_route=%2Fwp%2Fv2%2Fcategories&post=15858"},{"taxonomy":"post_tag","embeddable":true,"href":"https:\/\/old.pta.med.pl\/index.php?rest_route=%2Fwp%2Fv2%2Ftags&post=15858"}],"curies":[{"name":"wp","href":"https:\/\/api.w.org\/{rel}","templated":true}]}}