{"id":15866,"date":"2022-06-14T09:56:50","date_gmt":"2022-06-14T07:56:50","guid":{"rendered":"https:\/\/www.pta.med.pl\/?p=15866"},"modified":"2022-06-14T10:05:08","modified_gmt":"2022-06-14T08:05:08","slug":"przewodniczacy-kapituly-ds-nadawania-godnosci-czlonka-honorowego-pta-2-3-2-2-2-2-2-2-2-2-2","status":"publish","type":"post","link":"https:\/\/old.pta.med.pl\/?p=15866","title":{"rendered":"Odszed\u0142 Prof. Tadeusz P\u0142usa"},"content":{"rendered":"<p>Z \u017calem przyj\u0119li\u015bmy wiadomo\u015b\u0107, \u017ce w wieku 73 lat zmar\u0142 Prof. dr hab. med. Tadeusz P\u0142usa.<\/p>\n<p>Prof. T. P\u0142usa by\u0142 absolwentem Wojskowej Akademii Medycznej w \u0141odzi, uzyska\u0142 specjalizacje z chor\u00f3b wewn\u0119trznych, alergologii oraz pulmonologii. Do 2015 roku by\u0142 zwi\u0105zany zawodowo z Klinik\u0105 Chor\u00f3b Wewn\u0119trznych, Pneumonologii i Alergologii w Wojskowym Instytucie Medycznym w Warszawie. Autor kilkuset publikacji naukowych, promotor wielu doktorat\u00f3w oraz redaktor naczelny kilku czasopism medycznych krajowych oraz mi\u0119dzynarodowych.<\/p>\n<p>Prof. T. P\u0142usa by\u0142 tak\u017ce jednym z cz\u0142onk\u00f3w-za\u0142o\u017cycieli Polskiego Towarzystwa Alergologicznego, a w latach 1994-2000 pe\u0142ni\u0142 funkcj\u0119 Prezydenta PTA.<\/p>\n<p>Rodzinie i bliskim Prof. Tadeusza P\u0142usy sk\u0142adamy najszczersze kondolencje.<\/p>\n<p><img class=\"alignnone size-full wp-image-15867\" src=\"https:\/\/www.pta.med.pl\/wp-content\/uploads\/prof-tplusa.jpg\" alt=\"\" width=\"600\" height=\"400\" srcset=\"https:\/\/old.pta.med.pl\/wp-content\/uploads\/prof-tplusa-200x133.jpg 200w, https:\/\/old.pta.med.pl\/wp-content\/uploads\/prof-tplusa-400x267.jpg 400w, https:\/\/old.pta.med.pl\/wp-content\/uploads\/prof-tplusa-500x333.jpg 500w, https:\/\/old.pta.med.pl\/wp-content\/uploads\/prof-tplusa.jpg 600w\" sizes=\"(max-width: 600px) 100vw, 600px\" \/><\/p>\n","protected":false},"excerpt":{"rendered":"<p>Z \u017calem przyj\u0119li\u015bmy wiadomo\u015b\u0107, \u017ce w wieku 73 lat zmar\u0142 Prof. dr hab. med. Tadeusz P\u0142usa. Prof. T. P\u0142usa by\u0142 absolwentem Wojskowej Akademii Medycznej w \u0141odzi, uzyska\u0142 specjalizacje z chor\u00f3b wewn\u0119trznych, alergologii oraz pulmonologii. Do 2015 roku by\u0142 zwi\u0105zany zawodowo z Klinik\u0105 Chor\u00f3b Wewn\u0119trznych, Pneumonologii i Alergologii w Wojskowym Instytucie Medycznym w Warszawie. Autor kilkuset [&hellip;]<\/p>\n","protected":false},"author":1,"featured_media":15869,"comment_status":"closed","ping_status":"closed","sticky":false,"template":"","format":"standard","meta":{"ngg_post_thumbnail":0},"categories":[4],"tags":[],"_links":{"self":[{"href":"https:\/\/old.pta.med.pl\/index.php?rest_route=\/wp\/v2\/posts\/15866"}],"collection":[{"href":"https:\/\/old.pta.med.pl\/index.php?rest_route=\/wp\/v2\/posts"}],"about":[{"href":"https:\/\/old.pta.med.pl\/index.php?rest_route=\/wp\/v2\/types\/post"}],"author":[{"embeddable":true,"href":"https:\/\/old.pta.med.pl\/index.php?rest_route=\/wp\/v2\/users\/1"}],"replies":[{"embeddable":true,"href":"https:\/\/old.pta.med.pl\/index.php?rest_route=%2Fwp%2Fv2%2Fcomments&post=15866"}],"version-history":[{"count":3,"href":"https:\/\/old.pta.med.pl\/index.php?rest_route=\/wp\/v2\/posts\/15866\/revisions"}],"predecessor-version":[{"id":15870,"href":"https:\/\/old.pta.med.pl\/index.php?rest_route=\/wp\/v2\/posts\/15866\/revisions\/15870"}],"wp:featuredmedia":[{"embeddable":true,"href":"https:\/\/old.pta.med.pl\/index.php?rest_route=\/wp\/v2\/media\/15869"}],"wp:attachment":[{"href":"https:\/\/old.pta.med.pl\/index.php?rest_route=%2Fwp%2Fv2%2Fmedia&parent=15866"}],"wp:term":[{"taxonomy":"category","embeddable":true,"href":"https:\/\/old.pta.med.pl\/index.php?rest_route=%2Fwp%2Fv2%2Fcategories&post=15866"},{"taxonomy":"post_tag","embeddable":true,"href":"https:\/\/old.pta.med.pl\/index.php?rest_route=%2Fwp%2Fv2%2Ftags&post=15866"}],"curies":[{"name":"wp","href":"https:\/\/api.w.org\/{rel}","templated":true}]}}