{"id":15928,"date":"2022-07-07T17:31:05","date_gmt":"2022-07-07T15:31:05","guid":{"rendered":"https:\/\/www.pta.med.pl\/?p=15928"},"modified":"2022-07-11T08:42:15","modified_gmt":"2022-07-11T06:42:15","slug":"przewodniczacy-kapituly-ds-nadawania-godnosci-czlonka-honorowego-pta-2-2-2-2-2-2-2-2-2-2-2-2-2-2","status":"publish","type":"post","link":"https:\/\/old.pta.med.pl\/?p=15928","title":{"rendered":"Wywiad z Dyrektor Zarz\u0105dzaj\u0105c\u0105 PTA i Koordynatorem Koalicji na rzecz Leczenia Astmy"},"content":{"rendered":"<div class=\"cxmmr5t8 oygrvhab hcukyx3x c1et5uql o9v6fnle ii04i59q\">\n<div dir=\"auto\">\n<div class=\"kvgmc6g5 cxmmr5t8 oygrvhab hcukyx3x c1et5uql ii04i59q\"><\/div>\n<div class=\"cxmmr5t8 oygrvhab hcukyx3x c1et5uql o9v6fnle ii04i59q\">\n<div dir=\"auto\">\n<div class=\"kvgmc6g5 cxmmr5t8 oygrvhab hcukyx3x c1et5uql ii04i59q\">\n<div dir=\"auto\">Zapraszamy do zapoznania si\u0119 z wywiadem w <span class=\"nc684nl6\">Strefie Alergii<\/span> z Dyrektor Zarz\u0105dzaj\u0105c\u0105 PTA i Koordynatorem Koalicji na rzecz Leczenia Astmy \u2013 Ann\u0105 Ben Drissi, kt\u00f3ra przybli\u017cy:<\/div>\n<\/div>\n<div class=\"cxmmr5t8 oygrvhab hcukyx3x c1et5uql o9v6fnle ii04i59q\">\n<ul>\n<li dir=\"auto\">dzia\u0142alno\u015b\u0107 PTA kierowan\u0105 do pacjent\u00f3w,<\/li>\n<li dir=\"auto\">genez\u0119 powstania Towarzystwa i jego struktur\u0119,<\/li>\n<li dir=\"auto\">inicjatywy edukacyjne i prospo\u0142eczne PTA,<\/li>\n<li dir=\"auto\">korzy\u015bci p\u0142yn\u0105ce z cz\u0142onkostwa w Towarzystwie.<\/li>\n<\/ul>\n<div dir=\"auto\">Zapraszamy do lektury: <a href=\"https:\/\/strefaalergii.pl\/wydarzenia\/polskie-towarzystwo-alergologiczne\/\" target=\"_blank\" rel=\"noopener\">https:\/\/strefaalergii.pl\/wydarzenia\/polskie-towarzystwo-alergologiczne\/<\/a><\/div>\n<\/div>\n<\/div>\n<\/div>\n<\/div>\n<\/div>\n<p><img class=\"alignnone size-full wp-image-15929\" src=\"https:\/\/www.pta.med.pl\/wp-content\/uploads\/PTA-ABDrissi.jpg\" alt=\"\" width=\"600\" height=\"400\" srcset=\"https:\/\/old.pta.med.pl\/wp-content\/uploads\/PTA-ABDrissi-200x133.jpg 200w, https:\/\/old.pta.med.pl\/wp-content\/uploads\/PTA-ABDrissi-400x267.jpg 400w, https:\/\/old.pta.med.pl\/wp-content\/uploads\/PTA-ABDrissi-500x333.jpg 500w, https:\/\/old.pta.med.pl\/wp-content\/uploads\/PTA-ABDrissi.jpg 600w\" sizes=\"(max-width: 600px) 100vw, 600px\" \/><\/p>\n","protected":false},"excerpt":{"rendered":"<p>Zapraszamy do zapoznania si\u0119 z wywiadem w Strefie Alergii z Dyrektor Zarz\u0105dzaj\u0105c\u0105 PTA i Koordynatorem Koalicji na rzecz Leczenia Astmy \u2013 Ann\u0105 Ben Drissi, kt\u00f3ra przybli\u017cy: dzia\u0142alno\u015b\u0107 PTA kierowan\u0105 do pacjent\u00f3w, genez\u0119 powstania Towarzystwa i jego struktur\u0119, inicjatywy edukacyjne i prospo\u0142eczne PTA, korzy\u015bci p\u0142yn\u0105ce z cz\u0142onkostwa w Towarzystwie. Zapraszamy do lektury: https:\/\/strefaalergii.pl\/wydarzenia\/polskie-towarzystwo-alergologiczne\/<\/p>\n","protected":false},"author":1,"featured_media":15929,"comment_status":"closed","ping_status":"closed","sticky":false,"template":"","format":"standard","meta":{"ngg_post_thumbnail":0},"categories":[3],"tags":[],"_links":{"self":[{"href":"https:\/\/old.pta.med.pl\/index.php?rest_route=\/wp\/v2\/posts\/15928"}],"collection":[{"href":"https:\/\/old.pta.med.pl\/index.php?rest_route=\/wp\/v2\/posts"}],"about":[{"href":"https:\/\/old.pta.med.pl\/index.php?rest_route=\/wp\/v2\/types\/post"}],"author":[{"embeddable":true,"href":"https:\/\/old.pta.med.pl\/index.php?rest_route=\/wp\/v2\/users\/1"}],"replies":[{"embeddable":true,"href":"https:\/\/old.pta.med.pl\/index.php?rest_route=%2Fwp%2Fv2%2Fcomments&post=15928"}],"version-history":[{"count":3,"href":"https:\/\/old.pta.med.pl\/index.php?rest_route=\/wp\/v2\/posts\/15928\/revisions"}],"predecessor-version":[{"id":15932,"href":"https:\/\/old.pta.med.pl\/index.php?rest_route=\/wp\/v2\/posts\/15928\/revisions\/15932"}],"wp:featuredmedia":[{"embeddable":true,"href":"https:\/\/old.pta.med.pl\/index.php?rest_route=\/wp\/v2\/media\/15929"}],"wp:attachment":[{"href":"https:\/\/old.pta.med.pl\/index.php?rest_route=%2Fwp%2Fv2%2Fmedia&parent=15928"}],"wp:term":[{"taxonomy":"category","embeddable":true,"href":"https:\/\/old.pta.med.pl\/index.php?rest_route=%2Fwp%2Fv2%2Fcategories&post=15928"},{"taxonomy":"post_tag","embeddable":true,"href":"https:\/\/old.pta.med.pl\/index.php?rest_route=%2Fwp%2Fv2%2Ftags&post=15928"}],"curies":[{"name":"wp","href":"https:\/\/api.w.org\/{rel}","templated":true}]}}