{"id":16032,"date":"2022-08-26T12:24:44","date_gmt":"2022-08-26T10:24:44","guid":{"rendered":"https:\/\/www.pta.med.pl\/?p=16032"},"modified":"2022-08-26T12:24:44","modified_gmt":"2022-08-26T10:24:44","slug":"przewodniczacy-kapituly-ds-nadawania-godnosci-czlonka-honorowego-pta-2-2-2-2-2-2-2-2-2-2-2-2-2-2-2","status":"publish","type":"post","link":"https:\/\/old.pta.med.pl\/?p=16032","title":{"rendered":"Wywiad z prof. Piotrem Kun\u0105 w Strefie Alergii"},"content":{"rendered":"<div class=\"cxmmr5t8 oygrvhab hcukyx3x c1et5uql o9v6fnle ii04i59q\">\n<div dir=\"auto\">\n<div class=\"kvgmc6g5 cxmmr5t8 oygrvhab hcukyx3x c1et5uql ii04i59q\">Zach\u0119camy do lektury wywiadu z prof. P. Kun\u0105 \u2013 Kierownikiem naukowym VII Klinicznego Forum Ekspert\u00f3w PTA. Prof. P. Kuna na \u0142amach Strefy Alergii opowiada o Forum, przedstawia tematyk\u0119 spotkania i zaprasza wszystkich do udzia\u0142u w tym wydarzeniu. W rozmowie nie zabraknie te\u017c w\u0105tk\u00f3w dot. problem\u00f3w wsp\u00f3\u0142czesnej alergologii i wyzwa\u0144 w codziennej pracy specjalisty.<\/div>\n<div class=\"cxmmr5t8 oygrvhab hcukyx3x c1et5uql o9v6fnle ii04i59q\">\n<div dir=\"auto\">\n<div class=\"cxmmr5t8 oygrvhab hcukyx3x c1et5uql o9v6fnle ii04i59q\">\n<div dir=\"auto\"><\/div>\n<div dir=\"auto\">Zapraszamy do lektury: <a href=\"https:\/\/strefaalergii.pl\/wydarzenia\/kliniczne-forum-ekspertow\/\" target=\"_blank\" rel=\"noopener\">https:\/\/strefaalergii.pl\/wydarzenia\/kliniczne-forum-ekspertow\/<\/a><\/div>\n<\/div>\n<\/div>\n<\/div>\n<\/div>\n<\/div>\n<p><img class=\"alignnone wp-image-16033 size-full\" src=\"https:\/\/www.pta.med.pl\/wp-content\/uploads\/Prof-PKUNA.png\" alt=\"\" width=\"600\" height=\"400\" srcset=\"https:\/\/old.pta.med.pl\/wp-content\/uploads\/Prof-PKUNA-200x133.png 200w, https:\/\/old.pta.med.pl\/wp-content\/uploads\/Prof-PKUNA-400x267.png 400w, https:\/\/old.pta.med.pl\/wp-content\/uploads\/Prof-PKUNA-500x333.png 500w, https:\/\/old.pta.med.pl\/wp-content\/uploads\/Prof-PKUNA.png 600w\" sizes=\"(max-width: 600px) 100vw, 600px\" \/><\/p>\n","protected":false},"excerpt":{"rendered":"<p>Zach\u0119camy do lektury wywiadu z prof. P. Kun\u0105 \u2013 Kierownikiem naukowym VII Klinicznego Forum Ekspert\u00f3w PTA. Prof. P. Kuna na \u0142amach Strefy Alergii opowiada o Forum, przedstawia tematyk\u0119 spotkania i zaprasza wszystkich do udzia\u0142u w tym wydarzeniu. W rozmowie nie zabraknie te\u017c w\u0105tk\u00f3w dot. problem\u00f3w wsp\u00f3\u0142czesnej alergologii i wyzwa\u0144 w codziennej pracy specjalisty. Zapraszamy do [&hellip;]<\/p>\n","protected":false},"author":1,"featured_media":16033,"comment_status":"closed","ping_status":"closed","sticky":false,"template":"","format":"standard","meta":{"ngg_post_thumbnail":0},"categories":[3],"tags":[],"_links":{"self":[{"href":"https:\/\/old.pta.med.pl\/index.php?rest_route=\/wp\/v2\/posts\/16032"}],"collection":[{"href":"https:\/\/old.pta.med.pl\/index.php?rest_route=\/wp\/v2\/posts"}],"about":[{"href":"https:\/\/old.pta.med.pl\/index.php?rest_route=\/wp\/v2\/types\/post"}],"author":[{"embeddable":true,"href":"https:\/\/old.pta.med.pl\/index.php?rest_route=\/wp\/v2\/users\/1"}],"replies":[{"embeddable":true,"href":"https:\/\/old.pta.med.pl\/index.php?rest_route=%2Fwp%2Fv2%2Fcomments&post=16032"}],"version-history":[{"count":1,"href":"https:\/\/old.pta.med.pl\/index.php?rest_route=\/wp\/v2\/posts\/16032\/revisions"}],"predecessor-version":[{"id":16034,"href":"https:\/\/old.pta.med.pl\/index.php?rest_route=\/wp\/v2\/posts\/16032\/revisions\/16034"}],"wp:featuredmedia":[{"embeddable":true,"href":"https:\/\/old.pta.med.pl\/index.php?rest_route=\/wp\/v2\/media\/16033"}],"wp:attachment":[{"href":"https:\/\/old.pta.med.pl\/index.php?rest_route=%2Fwp%2Fv2%2Fmedia&parent=16032"}],"wp:term":[{"taxonomy":"category","embeddable":true,"href":"https:\/\/old.pta.med.pl\/index.php?rest_route=%2Fwp%2Fv2%2Fcategories&post=16032"},{"taxonomy":"post_tag","embeddable":true,"href":"https:\/\/old.pta.med.pl\/index.php?rest_route=%2Fwp%2Fv2%2Ftags&post=16032"}],"curies":[{"name":"wp","href":"https:\/\/api.w.org\/{rel}","templated":true}]}}