{"id":16044,"date":"2022-09-12T11:53:11","date_gmt":"2022-09-12T09:53:11","guid":{"rendered":"https:\/\/www.pta.med.pl\/?p=16044"},"modified":"2022-09-12T12:47:33","modified_gmt":"2022-09-12T10:47:33","slug":"przewodniczacy-kapituly-ds-nadawania-godnosci-czlonka-honorowego-pta-2-2-2-2-3-2-2-2-2-2-2-2-2-2-2-2-2-2-2-2-2-2-3","status":"publish","type":"post","link":"https:\/\/old.pta.med.pl\/?p=16044","title":{"rendered":"40 lat do\u015bwiadczenia, zaanga\u017cowania i pasji"},"content":{"rendered":"<p><strong>Szanowni Pa\u0144stwo,<br \/>\nDrogie Kole\u017canki i Koledzy,<\/strong><\/p>\n<p>z wieloma sukcesami i osi\u0105gni\u0119ciami w obszarze alergologii, zar\u00f3wno w Polsce, jak i na arenie mi\u0119dzynarodowej, wkroczyli\u015bmy w czterdziestolecie dzia\u0142alno\u015bci naszego Towarzysta. Jest mi niezmiernie mi\u0142o, \u017ce moja prezydentura wpisa\u0142a si\u0119 w\u0142a\u015bnie w ten jubileusz. Jednak jeszcze wi\u0119ksz\u0105 dum\u0105 napawa mnie fakt, \u017ce mog\u0142em wielokrotnie z podziwem i uznaniem obserwowa\u0107 zaanga\u017cowanie i pasj\u0119 moich poprzednik\u00f3w. Nie ukrywam, \u017ce by\u0142y to bardzo inspiruj\u0105ce do\u015bwiadczenia.<\/p>\n<p>Niekt\u00f3rzy z Pa\u0144stwa na pewno pami\u0119taj\u0105, w jak trudnym czasie powstawa\u0142o Towarzystwo. Jednak w kontrze do tych trudno\u015bci sta\u0142a silna ch\u0119\u0107 stworzenia organizacji integruj\u0105cej nasze \u015brodowisko. W efekcie 15 listopada 1982 roku rozpocz\u0119li\u015bmy oficjaln\u0105 dzia\u0142alno\u015b\u0107, stawiaj\u0105c na edukowanie i budowanie \u015bwiadomo\u015bci chor\u00f3b alergologicznych. Sukcesywne d\u0105\u017cenie do wzmacniania struktur Towarzystwa, tworzenie warto\u015bciowej oferty edukacyjnej, nawi\u0105zywanie wsp\u00f3\u0142pracy z mi\u0119dzynarodowym \u015brodowiskiem, to cele, kt\u00f3re realizowali\u015bmy w\u00f3wczas, ale kontynuujemy je r\u00f3wnie\u017c obecnie. Bezsprzecznie mamy to szcz\u0119\u015bcie, \u017ce ka\u017cdy z dotychczasowych Prezydent\u00f3w doskonale rozumia\u0142 rol\u0119 PTA, stawa\u0142 si\u0119 naturalnym kontynuatorem obranego kierunku rozwoju, a zarazem architektem pozytywnych zmian. To doprowadzi\u0142o nas do miejsca, w kt\u00f3rym obecnie jeste\u015bmy oraz do pozycji, jak\u0105 zajmujemy jako Towarzystwo w Polsce i na \u015awiecie.<\/p>\n<p>Nie mog\u0119 pomin\u0105\u0107 faktu, \u017ce rozw\u00f3j i osi\u0105gni\u0119ta si\u0142a Towarzystwa nie by\u0142yby mo\u017cliwe, gdyby nie Pa\u0144stwa zaanga\u017cowanie, wsparcie oraz do\u015bwiadczenie. Widzimy je zar\u00f3wno w codziennej pracy, ale tak\u017ce podczas r\u00f3\u017cnego rodzaju wydarze\u0144, w ramach kt\u00f3rych reprezentuj\u0105 Pa\u0144stwo PTA.<\/p>\n<p>Zdarza si\u0119, \u017ce mamy r\u00f3\u017cne pogl\u0105dy, nieco odmienny charakter pracy, ale jest jedna kwestia wsp\u00f3lna dla nas wszystkich, a mianowicie nasi pacjenci. To w\u0142a\u015bnie dla nich przez te wszystkie lata podnosimy swoje kwalifikacje, organizujemy i anga\u017cujemy si\u0119 w kampanie nag\u0142a\u015bniaj\u0105c wa\u017cne z punktu widzenia alergologii problemy, prowadzimy dyskurs z decydentami. Osi\u0105gn\u0119li\u015bmy to dzi\u0119ki ewolucji Towarzystawa, otwieraniu si\u0119 na nowe mo\u017cliwo\u015bci oraz przede wszystkim racjonalnemu podej\u015bciu do wielu kwestii. Za to wszystko serdecznie Pa\u0144stwu dzi\u0119kuj\u0119 w imieniu w\u0142asnym i ca\u0142ego Zarz\u0105du Polskiego Towarzystwa Alergologicznego.<\/p>\n<p>Drodzy Pa\u0144stwo, patrz\u0105c w przysz\u0142o\u015b\u0107 zacytuj\u0119 Henrego Forda, kt\u00f3ry m\u00f3wi\u0142, \u017ce<\/p>\n<p><em>Po\u0142\u0105czenie si\u0142 to pocz\u0105tek, pozostanie razem to post\u0119p, wsp\u00f3lna praca to sukces.<\/em><\/p>\n<p>\u017bycz\u0119 nam wszystkim ci\u0105g\u0142ych sukces\u00f3w, poniewa\u017c dwa pierwsze czynniki \u2013 w moim odczuciu \u2013 mamy dawno spe\u0142nione.<\/p>\n<p>Z powa\u017caniem,<br \/>\nprof. Maciej Kupczyk<br \/>\nPrezydent Polskiego Towarzystwa Alergologicznego<\/p>\n","protected":false},"excerpt":{"rendered":"<p>Szanowni Pa\u0144stwo, Drogie Kole\u017canki i Koledzy, z wieloma sukcesami i osi\u0105gni\u0119ciami w obszarze alergologii, zar\u00f3wno w Polsce, jak i na arenie mi\u0119dzynarodowej, wkroczyli\u015bmy w czterdziestolecie dzia\u0142alno\u015bci naszego Towarzysta. Jest mi niezmiernie mi\u0142o, \u017ce moja prezydentura wpisa\u0142a si\u0119 w\u0142a\u015bnie w ten jubileusz. Jednak jeszcze wi\u0119ksz\u0105 dum\u0105 napawa mnie fakt, \u017ce mog\u0142em wielokrotnie z podziwem i uznaniem [&hellip;]<\/p>\n","protected":false},"author":1,"featured_media":16052,"comment_status":"closed","ping_status":"closed","sticky":false,"template":"","format":"standard","meta":{"ngg_post_thumbnail":0},"categories":[2],"tags":[],"_links":{"self":[{"href":"https:\/\/old.pta.med.pl\/index.php?rest_route=\/wp\/v2\/posts\/16044"}],"collection":[{"href":"https:\/\/old.pta.med.pl\/index.php?rest_route=\/wp\/v2\/posts"}],"about":[{"href":"https:\/\/old.pta.med.pl\/index.php?rest_route=\/wp\/v2\/types\/post"}],"author":[{"embeddable":true,"href":"https:\/\/old.pta.med.pl\/index.php?rest_route=\/wp\/v2\/users\/1"}],"replies":[{"embeddable":true,"href":"https:\/\/old.pta.med.pl\/index.php?rest_route=%2Fwp%2Fv2%2Fcomments&post=16044"}],"version-history":[{"count":1,"href":"https:\/\/old.pta.med.pl\/index.php?rest_route=\/wp\/v2\/posts\/16044\/revisions"}],"predecessor-version":[{"id":16047,"href":"https:\/\/old.pta.med.pl\/index.php?rest_route=\/wp\/v2\/posts\/16044\/revisions\/16047"}],"wp:featuredmedia":[{"embeddable":true,"href":"https:\/\/old.pta.med.pl\/index.php?rest_route=\/wp\/v2\/media\/16052"}],"wp:attachment":[{"href":"https:\/\/old.pta.med.pl\/index.php?rest_route=%2Fwp%2Fv2%2Fmedia&parent=16044"}],"wp:term":[{"taxonomy":"category","embeddable":true,"href":"https:\/\/old.pta.med.pl\/index.php?rest_route=%2Fwp%2Fv2%2Fcategories&post=16044"},{"taxonomy":"post_tag","embeddable":true,"href":"https:\/\/old.pta.med.pl\/index.php?rest_route=%2Fwp%2Fv2%2Ftags&post=16044"}],"curies":[{"name":"wp","href":"https:\/\/api.w.org\/{rel}","templated":true}]}}