{"id":16048,"date":"2022-09-12T12:02:03","date_gmt":"2022-09-12T10:02:03","guid":{"rendered":"https:\/\/www.pta.med.pl\/?p=16048"},"modified":"2022-09-12T12:52:00","modified_gmt":"2022-09-12T10:52:00","slug":"przewodniczacy-kapituly-ds-nadawania-godnosci-czlonka-honorowego-pta-2-3-2-2-2-2-2-2-2-2-2-2","status":"publish","type":"post","link":"https:\/\/old.pta.med.pl\/?p=16048","title":{"rendered":"Konferencja Anafilaksja, Alergia na Jady Owad\u00f3w, Mastocytoza"},"content":{"rendered":"<p>Serdecznie zapraszamy na Konferencj\u0119 Anafilaksja, Alergia na Jady Owad\u00f3w, Mastocytoza, kt\u00f3ra odb\u0119dzie si\u0119 18 listopada 2022 r. w Gda\u0144sku. Podczas spotkania wybitni eksperci przedstawi\u0105 Pa\u0144stwu takie tematy jak:<\/p>\n<ul>\n<li>post\u0119powanie i typy anafilaksji,<\/li>\n<li>diagnostyka i terapii alergii na jady owad\u00f3w,<\/li>\n<li>mastocytoza,<\/li>\n<li>sytuacje szczeg\u00f3lne w populacji dzieci\u0119cej.<\/li>\n<\/ul>\n<p>Nie zabraknie tak\u017ce dyskusji, w kt\u00f3rych podsumujemy zalecenia mi\u0119dzynarodowe dot. tych chor\u00f3b, spr\u00f3bujemy zastosowa\u0107 je do polskich warunk\u00f3w oraz odpowiemy na pytanie gdzie musimy oprze\u0107 si\u0119 na opinii ekspert\u00f3w.<\/p>\n<p>Czas spotkania otwieramy tak\u017ce na sesje przypadk\u00f3w \u2013 gor\u0105co zach\u0119camy do zg\u0142aszania przypadk\u00f3w z Pa\u0144stwa praktyki poprzez formularz na stronie internetowej spotkania. Szczeg\u00f3lnie zale\u017cy nam na chorych leczonych w sytuacji braku twardych zalece\u0144 w post\u0119powaniu np.: w przypadku chor\u00f3b wsp\u00f3\u0142istniej\u0105cych, w\u0105tpliwo\u015bci diagnostycznych i kwalifikacji do leczenia, konieczno\u015bci modyfikacji schematu leczenia, dzia\u0142a\u0144 niepo\u017c\u0105danych, specyficznych problem\u00f3w pediatrycznych. Dzi\u0119ki takim prezentacjom nasze spotkanie b\u0119dzie pr\u00f3b\u0105 praktycznej odpowiedzi na pytania, kt\u00f3re rodz\u0105 si\u0119 w naszych miejscach pracy.<\/p>\n<p>Podsumowaniem naszej dyskusji b\u0119dzie publikacja w Alergologii Polskiej, kt\u00f3ra wskaza\u0107 ma sugestie post\u0119powania w przypadkach w\u0105tpliwych. Wsp\u00f3\u0142autorami publikacji b\u0119d\u0105 wszyscy autorzy omawianych przypadk\u00f3w.<\/p>\n<p>Wi\u0119cej na stronie: <a href=\"https:\/\/aajm.pta.med.pl\/\" target=\"_blank\" rel=\"noopener\">https:\/\/aajm.pta.med.pl\/<\/a><\/p>\n","protected":false},"excerpt":{"rendered":"<p>Serdecznie zapraszamy na Konferencj\u0119 Anafilaksja, Alergia na Jady Owad\u00f3w, Mastocytoza, kt\u00f3ra odb\u0119dzie si\u0119 18 listopada 2022 r. w Gda\u0144sku. Podczas spotkania wybitni eksperci przedstawi\u0105 Pa\u0144stwu takie tematy jak: post\u0119powanie i typy anafilaksji, diagnostyka i terapii alergii na jady owad\u00f3w, mastocytoza, sytuacje szczeg\u00f3lne w populacji dzieci\u0119cej. Nie zabraknie tak\u017ce dyskusji, w kt\u00f3rych podsumujemy zalecenia mi\u0119dzynarodowe dot. [&hellip;]<\/p>\n","protected":false},"author":1,"featured_media":16051,"comment_status":"closed","ping_status":"closed","sticky":false,"template":"","format":"standard","meta":{"ngg_post_thumbnail":0},"categories":[4],"tags":[],"_links":{"self":[{"href":"https:\/\/old.pta.med.pl\/index.php?rest_route=\/wp\/v2\/posts\/16048"}],"collection":[{"href":"https:\/\/old.pta.med.pl\/index.php?rest_route=\/wp\/v2\/posts"}],"about":[{"href":"https:\/\/old.pta.med.pl\/index.php?rest_route=\/wp\/v2\/types\/post"}],"author":[{"embeddable":true,"href":"https:\/\/old.pta.med.pl\/index.php?rest_route=\/wp\/v2\/users\/1"}],"replies":[{"embeddable":true,"href":"https:\/\/old.pta.med.pl\/index.php?rest_route=%2Fwp%2Fv2%2Fcomments&post=16048"}],"version-history":[{"count":1,"href":"https:\/\/old.pta.med.pl\/index.php?rest_route=\/wp\/v2\/posts\/16048\/revisions"}],"predecessor-version":[{"id":16050,"href":"https:\/\/old.pta.med.pl\/index.php?rest_route=\/wp\/v2\/posts\/16048\/revisions\/16050"}],"wp:featuredmedia":[{"embeddable":true,"href":"https:\/\/old.pta.med.pl\/index.php?rest_route=\/wp\/v2\/media\/16051"}],"wp:attachment":[{"href":"https:\/\/old.pta.med.pl\/index.php?rest_route=%2Fwp%2Fv2%2Fmedia&parent=16048"}],"wp:term":[{"taxonomy":"category","embeddable":true,"href":"https:\/\/old.pta.med.pl\/index.php?rest_route=%2Fwp%2Fv2%2Fcategories&post=16048"},{"taxonomy":"post_tag","embeddable":true,"href":"https:\/\/old.pta.med.pl\/index.php?rest_route=%2Fwp%2Fv2%2Ftags&post=16048"}],"curies":[{"name":"wp","href":"https:\/\/api.w.org\/{rel}","templated":true}]}}