{"id":16071,"date":"2022-09-19T10:13:48","date_gmt":"2022-09-19T08:13:48","guid":{"rendered":"https:\/\/www.pta.med.pl\/?p=16071"},"modified":"2022-10-11T12:56:11","modified_gmt":"2022-10-11T10:56:11","slug":"przewodniczacy-kapituly-ds-nadawania-godnosci-czlonka-honorowego-pta-2-2-2-2-2-2-2-2-2-2-2-2-2-2-2-2-2","status":"publish","type":"post","link":"https:\/\/old.pta.med.pl\/?p=16071","title":{"rendered":"Cztery dekady dla rozwoju alergologii"},"content":{"rendered":"<div class=\"cxmmr5t8 oygrvhab hcukyx3x c1et5uql o9v6fnle ii04i59q\">\n<div dir=\"auto\">\n<div class=\"cxmmr5t8 oygrvhab hcukyx3x c1et5uql o9v6fnle ii04i59q\">\n<div dir=\"auto\">\n<div class=\"cxmmr5t8 oygrvhab hcukyx3x c1et5uql o9v6fnle ii04i59q\">\n<div dir=\"auto\">Zapraszamy do zapoznania si\u0119 z wywiadem w Pulsie Medycyny\u00a0z Dyrektor Zarz\u0105dzaj\u0105c\u0105 PTA i Koordynatorem Koalicji na rzecz Leczenia Astmy \u2013 Ann\u0105 Ben Drissi, kt\u00f3ra przybli\u017cy:<\/div>\n<ul>\n<li dir=\"auto\">kamienie milowe w 40-leciu PTA,<\/li>\n<li dir=\"auto\">jak dzi\u015b wygl\u0105da PTA,<\/li>\n<li dir=\"auto\">jakie korzy\u015bci p\u0142yn\u0105 z cz\u0142onkostwa w Towarzystwie,<\/li>\n<li dir=\"auto\">jakie dzia\u0142ania podejmuje PTA, by poprawi\u0107 sytuacj\u0119 pacjent\u00f3w z chorobami alergicznymi w Polsce,<\/li>\n<li dir=\"auto\">jakie wyzwania stoj\u0105 przed PTA w nadchodz\u0105cych latach.<\/li>\n<\/ul>\n<p><a href=\"https:\/\/pulsmedycyny.pl\/anna-ben-drissi-pta-to-jedno-z-najbardziej-dynamicznych-i-nowoczesnych-towarzystw-medycznych-1163934\" target=\"_blank\" rel=\"noopener\">Zapraszamy do lektury!<\/a><\/p>\n<p><img class=\"alignnone size-fusion-400 wp-image-16072\" src=\"https:\/\/www.pta.med.pl\/wp-content\/uploads\/Anna-Ben-Drissi-PM-400x267.jpg\" alt=\"\" width=\"400\" height=\"267\" srcset=\"https:\/\/old.pta.med.pl\/wp-content\/uploads\/Anna-Ben-Drissi-PM-200x133.jpg 200w, https:\/\/old.pta.med.pl\/wp-content\/uploads\/Anna-Ben-Drissi-PM-400x267.jpg 400w, https:\/\/old.pta.med.pl\/wp-content\/uploads\/Anna-Ben-Drissi-PM-500x333.jpg 500w, https:\/\/old.pta.med.pl\/wp-content\/uploads\/Anna-Ben-Drissi-PM.jpg 600w\" sizes=\"(max-width: 400px) 100vw, 400px\" \/><\/p>\n<\/div>\n<\/div>\n<\/div>\n<\/div>\n<\/div>\n<p>&nbsp;<\/p>\n","protected":false},"excerpt":{"rendered":"<p>Zapraszamy do zapoznania si\u0119 z wywiadem w Pulsie Medycyny\u00a0z Dyrektor Zarz\u0105dzaj\u0105c\u0105 PTA i Koordynatorem Koalicji na rzecz Leczenia Astmy \u2013 Ann\u0105 Ben Drissi, kt\u00f3ra przybli\u017cy: kamienie milowe w 40-leciu PTA, jak dzi\u015b wygl\u0105da PTA, jakie korzy\u015bci p\u0142yn\u0105 z cz\u0142onkostwa w Towarzystwie, jakie dzia\u0142ania podejmuje PTA, by poprawi\u0107 sytuacj\u0119 pacjent\u00f3w z chorobami alergicznymi w Polsce, jakie [&hellip;]<\/p>\n","protected":false},"author":1,"featured_media":16072,"comment_status":"closed","ping_status":"closed","sticky":false,"template":"","format":"standard","meta":{"ngg_post_thumbnail":0},"categories":[3],"tags":[],"_links":{"self":[{"href":"https:\/\/old.pta.med.pl\/index.php?rest_route=\/wp\/v2\/posts\/16071"}],"collection":[{"href":"https:\/\/old.pta.med.pl\/index.php?rest_route=\/wp\/v2\/posts"}],"about":[{"href":"https:\/\/old.pta.med.pl\/index.php?rest_route=\/wp\/v2\/types\/post"}],"author":[{"embeddable":true,"href":"https:\/\/old.pta.med.pl\/index.php?rest_route=\/wp\/v2\/users\/1"}],"replies":[{"embeddable":true,"href":"https:\/\/old.pta.med.pl\/index.php?rest_route=%2Fwp%2Fv2%2Fcomments&post=16071"}],"version-history":[{"count":3,"href":"https:\/\/old.pta.med.pl\/index.php?rest_route=\/wp\/v2\/posts\/16071\/revisions"}],"predecessor-version":[{"id":16143,"href":"https:\/\/old.pta.med.pl\/index.php?rest_route=\/wp\/v2\/posts\/16071\/revisions\/16143"}],"wp:featuredmedia":[{"embeddable":true,"href":"https:\/\/old.pta.med.pl\/index.php?rest_route=\/wp\/v2\/media\/16072"}],"wp:attachment":[{"href":"https:\/\/old.pta.med.pl\/index.php?rest_route=%2Fwp%2Fv2%2Fmedia&parent=16071"}],"wp:term":[{"taxonomy":"category","embeddable":true,"href":"https:\/\/old.pta.med.pl\/index.php?rest_route=%2Fwp%2Fv2%2Fcategories&post=16071"},{"taxonomy":"post_tag","embeddable":true,"href":"https:\/\/old.pta.med.pl\/index.php?rest_route=%2Fwp%2Fv2%2Ftags&post=16071"}],"curies":[{"name":"wp","href":"https:\/\/api.w.org\/{rel}","templated":true}]}}