{"id":16078,"date":"2022-09-20T12:07:53","date_gmt":"2022-09-20T10:07:53","guid":{"rendered":"https:\/\/www.pta.med.pl\/?p=16078"},"modified":"2022-09-20T12:07:53","modified_gmt":"2022-09-20T10:07:53","slug":"przewodniczacy-kapituly-ds-nadawania-godnosci-czlonka-honorowego-pta-2-3-2-2-2-2-2-2-2-2-2-2-2","status":"publish","type":"post","link":"https:\/\/old.pta.med.pl\/?p=16078","title":{"rendered":"III Konferencja Sekcji Wrodzonego Obrz\u0119ku Naczynioruchowego"},"content":{"rendered":"<p data-redactor-style-cache=\"text-align: justify;\">Mamy przyjemno\u015b\u0107 zaprosi\u0107 Pa\u0144stwa do udzia\u0142u w III Konferencji Sekcji Wrodzonego Obrz\u0119ku Naczynioruchowego na temat: ,,HAE jako stan zagro\u017cenia \u017cycia i terapia biologiczna&#8221; pod patronatem naukowym PTA.<\/p>\n<p data-redactor-style-cache=\"text-align: justify;\">Spotkanie odb\u0119dzie si\u0119 w dniach 28-29 pa\u017adziernika 2022 r. w Hotelu Ambasador Premium przy ul. Kili\u0144skiego 145 w \u0141odzi.<\/p>\n<p data-redactor-style-cache=\"text-align: justify;\">Program wydarzenia zosta\u0142 podzielony na 6 sesji, podczas kt\u00f3rych g\u0142os zabior\u0105 wybitni specjali\u015bci oraz panele dyskusyjne:<\/p>\n<ul>\n<li>Medycyna tera\u017aniejszo\u015bci i przysz\u0142o\u015bci.<\/li>\n<li>HAE jako stan zagro\u017cenia \u017cycia.<\/li>\n<li>Standardy post\u0119powania w obrz\u0119ku naczynioruchowym.<\/li>\n<li>Ci\u0105\u017ca i okres karmienia HAE.<\/li>\n<li>HAE i terapie biologiczne.<\/li>\n<li>Odpowiedzi na wa\u017cne pytania dotycz\u0105ce chorych na HAE.<\/li>\n<\/ul>\n<p><a href=\"https:\/\/www.konf-alergologiczna.pl\/\" target=\"_blank\" rel=\"noopener\">https:\/\/www.konf-alergologiczna.pl\/<\/a><\/p>\n<p>Zach\u0119camy do udzia\u0142u!<\/p>\n","protected":false},"excerpt":{"rendered":"<p>Mamy przyjemno\u015b\u0107 zaprosi\u0107 Pa\u0144stwa do udzia\u0142u w III Konferencji Sekcji Wrodzonego Obrz\u0119ku Naczynioruchowego na temat: ,,HAE jako stan zagro\u017cenia \u017cycia i terapia biologiczna&#8221; pod patronatem naukowym PTA. Spotkanie odb\u0119dzie si\u0119 w dniach 28-29 pa\u017adziernika 2022 r. w Hotelu Ambasador Premium przy ul. Kili\u0144skiego 145 w \u0141odzi. Program wydarzenia zosta\u0142 podzielony na 6 sesji, podczas kt\u00f3rych [&hellip;]<\/p>\n","protected":false},"author":1,"featured_media":16079,"comment_status":"closed","ping_status":"closed","sticky":false,"template":"","format":"standard","meta":{"ngg_post_thumbnail":0},"categories":[4],"tags":[],"_links":{"self":[{"href":"https:\/\/old.pta.med.pl\/index.php?rest_route=\/wp\/v2\/posts\/16078"}],"collection":[{"href":"https:\/\/old.pta.med.pl\/index.php?rest_route=\/wp\/v2\/posts"}],"about":[{"href":"https:\/\/old.pta.med.pl\/index.php?rest_route=\/wp\/v2\/types\/post"}],"author":[{"embeddable":true,"href":"https:\/\/old.pta.med.pl\/index.php?rest_route=\/wp\/v2\/users\/1"}],"replies":[{"embeddable":true,"href":"https:\/\/old.pta.med.pl\/index.php?rest_route=%2Fwp%2Fv2%2Fcomments&post=16078"}],"version-history":[{"count":1,"href":"https:\/\/old.pta.med.pl\/index.php?rest_route=\/wp\/v2\/posts\/16078\/revisions"}],"predecessor-version":[{"id":16080,"href":"https:\/\/old.pta.med.pl\/index.php?rest_route=\/wp\/v2\/posts\/16078\/revisions\/16080"}],"wp:featuredmedia":[{"embeddable":true,"href":"https:\/\/old.pta.med.pl\/index.php?rest_route=\/wp\/v2\/media\/16079"}],"wp:attachment":[{"href":"https:\/\/old.pta.med.pl\/index.php?rest_route=%2Fwp%2Fv2%2Fmedia&parent=16078"}],"wp:term":[{"taxonomy":"category","embeddable":true,"href":"https:\/\/old.pta.med.pl\/index.php?rest_route=%2Fwp%2Fv2%2Fcategories&post=16078"},{"taxonomy":"post_tag","embeddable":true,"href":"https:\/\/old.pta.med.pl\/index.php?rest_route=%2Fwp%2Fv2%2Ftags&post=16078"}],"curies":[{"name":"wp","href":"https:\/\/api.w.org\/{rel}","templated":true}]}}