{"id":16095,"date":"2022-09-29T14:34:12","date_gmt":"2022-09-29T12:34:12","guid":{"rendered":"https:\/\/www.pta.med.pl\/?p=16095"},"modified":"2022-09-29T14:34:12","modified_gmt":"2022-09-29T12:34:12","slug":"spotkanie-ekspertow-pta-poswiecone-dostepnosci-adrenaliny-w-placowkach-oswiatowych-3-2","status":"publish","type":"post","link":"https:\/\/old.pta.med.pl\/?p=16095","title":{"rendered":"IV spotkanie Prezydium Koalicji na rzecz Leczenia Astmy"},"content":{"rendered":"<p>28 wrze\u015bnia w Warszawie odby\u0142o si\u0119 IV spotkanie Prezydium Koalicji na rzecz Leczenia Astmy. Go\u015bciem specjalnym wydarzenia by\u0142 prof. Jean Bousquet, kt\u00f3ry przedstawi\u0142 mi\u0119dzynarodowy projekt cyfryzacji leczenia astmy.<\/p>\n<p>Inne poruszane tematy w trakcie spotkania to:<\/p>\n<ul>\n<li>sytuacja pacjent\u00f3w z astm\u0105,<\/li>\n<li>przygotowanie wytycznych leczenia astmy dla lekarzy POZ,<\/li>\n<li>udzia\u0142 Koalicji w gremiach mi\u0119dzynarodowych,<\/li>\n<li>rozmowy z decydentami w zakresie poprawy terapii i diagnostyki.<\/li>\n<\/ul>\n<p>Strona internetowa Koalicji na rzecz Leczenia Astmy: <a href=\"https:\/\/koalicja.pta.med.pl\/\" target=\"_blank\" rel=\"noopener\">https:\/\/koalicja.pta.med.pl\/<\/a><\/p>\n<p><img class=\"alignnone size-full wp-image-16096\" src=\"https:\/\/www.pta.med.pl\/wp-content\/uploads\/post-IV-koalicja.png\" alt=\"\" width=\"600\" height=\"400\" srcset=\"https:\/\/old.pta.med.pl\/wp-content\/uploads\/post-IV-koalicja-200x133.png 200w, https:\/\/old.pta.med.pl\/wp-content\/uploads\/post-IV-koalicja-400x267.png 400w, https:\/\/old.pta.med.pl\/wp-content\/uploads\/post-IV-koalicja-500x333.png 500w, https:\/\/old.pta.med.pl\/wp-content\/uploads\/post-IV-koalicja.png 600w\" sizes=\"(max-width: 600px) 100vw, 600px\" \/><\/p>\n","protected":false},"excerpt":{"rendered":"<p>28 wrze\u015bnia w Warszawie odby\u0142o si\u0119 IV spotkanie Prezydium Koalicji na rzecz Leczenia Astmy. Go\u015bciem specjalnym wydarzenia by\u0142 prof. Jean Bousquet, kt\u00f3ry przedstawi\u0142 mi\u0119dzynarodowy projekt cyfryzacji leczenia astmy. Inne poruszane tematy w trakcie spotkania to: sytuacja pacjent\u00f3w z astm\u0105, przygotowanie wytycznych leczenia astmy dla lekarzy POZ, udzia\u0142 Koalicji w gremiach mi\u0119dzynarodowych, rozmowy z decydentami w [&hellip;]<\/p>\n","protected":false},"author":1,"featured_media":16096,"comment_status":"closed","ping_status":"closed","sticky":false,"template":"","format":"standard","meta":{"ngg_post_thumbnail":0},"categories":[2],"tags":[],"_links":{"self":[{"href":"https:\/\/old.pta.med.pl\/index.php?rest_route=\/wp\/v2\/posts\/16095"}],"collection":[{"href":"https:\/\/old.pta.med.pl\/index.php?rest_route=\/wp\/v2\/posts"}],"about":[{"href":"https:\/\/old.pta.med.pl\/index.php?rest_route=\/wp\/v2\/types\/post"}],"author":[{"embeddable":true,"href":"https:\/\/old.pta.med.pl\/index.php?rest_route=\/wp\/v2\/users\/1"}],"replies":[{"embeddable":true,"href":"https:\/\/old.pta.med.pl\/index.php?rest_route=%2Fwp%2Fv2%2Fcomments&post=16095"}],"version-history":[{"count":1,"href":"https:\/\/old.pta.med.pl\/index.php?rest_route=\/wp\/v2\/posts\/16095\/revisions"}],"predecessor-version":[{"id":16097,"href":"https:\/\/old.pta.med.pl\/index.php?rest_route=\/wp\/v2\/posts\/16095\/revisions\/16097"}],"wp:featuredmedia":[{"embeddable":true,"href":"https:\/\/old.pta.med.pl\/index.php?rest_route=\/wp\/v2\/media\/16096"}],"wp:attachment":[{"href":"https:\/\/old.pta.med.pl\/index.php?rest_route=%2Fwp%2Fv2%2Fmedia&parent=16095"}],"wp:term":[{"taxonomy":"category","embeddable":true,"href":"https:\/\/old.pta.med.pl\/index.php?rest_route=%2Fwp%2Fv2%2Fcategories&post=16095"},{"taxonomy":"post_tag","embeddable":true,"href":"https:\/\/old.pta.med.pl\/index.php?rest_route=%2Fwp%2Fv2%2Ftags&post=16095"}],"curies":[{"name":"wp","href":"https:\/\/api.w.org\/{rel}","templated":true}]}}