{"id":16148,"date":"2022-10-12T11:47:59","date_gmt":"2022-10-12T09:47:59","guid":{"rendered":"https:\/\/www.pta.med.pl\/?p=16148"},"modified":"2022-10-12T12:01:38","modified_gmt":"2022-10-12T10:01:38","slug":"spotkanie-ekspertow-pta-poswiecone-dostepnosci-adrenaliny-w-placowkach-oswiatowych-3-2-2-2","status":"publish","type":"post","link":"https:\/\/old.pta.med.pl\/?p=16148","title":{"rendered":"Akcja sadzenia drzew"},"content":{"rendered":"<p>W dniu 7 pa\u017adziernika 2022 r., PTA wraz z Koalicj\u0105 na rzecz Leczenia Astmy zaanga\u017cowa\u0142y si\u0119 w akcj\u0119 sadzenia drzew w Rajszewie w gminie Jab\u0142onna, wspieraj\u0105c tym samym dzia\u0142ania Nadle\u015bnictwa Jab\u0142onna oraz inicjatyw\u0119 ,,Drzewa od Teva\u201d.<\/p>\n<p>Cieszymy si\u0119, \u017ce i my mogli\u015bmy do\u0142o\u017cy\u0107 swoj\u0105 cegie\u0142k\u0119 do odbudowy zasob\u00f3w le\u015bnych i poprawy jako\u015bci powietrza.<\/p>\n<p>Zapraszamy do zapoznania si\u0119 z fotorelacj\u0105 i efektami naszej pracy!<\/p>\n<p><img class=\"alignnone wp-image-16151 size-fusion-400\" src=\"https:\/\/www.pta.med.pl\/wp-content\/uploads\/drzewa-relacja-1-400x534.jpg\" alt=\"\" width=\"400\" height=\"534\" srcset=\"https:\/\/old.pta.med.pl\/wp-content\/uploads\/drzewa-relacja-1-200x267.jpg 200w, https:\/\/old.pta.med.pl\/wp-content\/uploads\/drzewa-relacja-1-400x534.jpg 400w, https:\/\/old.pta.med.pl\/wp-content\/uploads\/drzewa-relacja-1-500x667.jpg 500w, https:\/\/old.pta.med.pl\/wp-content\/uploads\/drzewa-relacja-1-600x800.jpg 600w, https:\/\/old.pta.med.pl\/wp-content\/uploads\/drzewa-relacja-1-768x1024.jpg 768w, https:\/\/old.pta.med.pl\/wp-content\/uploads\/drzewa-relacja-1.jpg 800w\" sizes=\"(max-width: 400px) 100vw, 400px\" \/> <img class=\"alignnone wp-image-16152 size-fusion-600\" src=\"https:\/\/www.pta.med.pl\/wp-content\/uploads\/drzewa-relacja-2-600x450.jpg\" alt=\"\" width=\"600\" height=\"450\" srcset=\"https:\/\/old.pta.med.pl\/wp-content\/uploads\/drzewa-relacja-2-200x150.jpg 200w, https:\/\/old.pta.med.pl\/wp-content\/uploads\/drzewa-relacja-2-400x300.jpg 400w, https:\/\/old.pta.med.pl\/wp-content\/uploads\/drzewa-relacja-2-500x375.jpg 500w, https:\/\/old.pta.med.pl\/wp-content\/uploads\/drzewa-relacja-2-600x450.jpg 600w, https:\/\/old.pta.med.pl\/wp-content\/uploads\/drzewa-relacja-2-768x576.jpg 768w, https:\/\/old.pta.med.pl\/wp-content\/uploads\/drzewa-relacja-2-800x600.jpg 800w, https:\/\/old.pta.med.pl\/wp-content\/uploads\/drzewa-relacja-2.jpg 1200w\" sizes=\"(max-width: 600px) 100vw, 600px\" \/> <img class=\"alignnone wp-image-16153 size-fusion-400\" src=\"https:\/\/www.pta.med.pl\/wp-content\/uploads\/drzewa-relacja-3-400x534.jpg\" alt=\"\" width=\"400\" height=\"534\" srcset=\"https:\/\/old.pta.med.pl\/wp-content\/uploads\/drzewa-relacja-3-200x267.jpg 200w, https:\/\/old.pta.med.pl\/wp-content\/uploads\/drzewa-relacja-3-400x534.jpg 400w, https:\/\/old.pta.med.pl\/wp-content\/uploads\/drzewa-relacja-3-500x667.jpg 500w, https:\/\/old.pta.med.pl\/wp-content\/uploads\/drzewa-relacja-3-600x800.jpg 600w, https:\/\/old.pta.med.pl\/wp-content\/uploads\/drzewa-relacja-3-768x1024.jpg 768w, https:\/\/old.pta.med.pl\/wp-content\/uploads\/drzewa-relacja-3.jpg 800w\" sizes=\"(max-width: 400px) 100vw, 400px\" \/> <img class=\"alignnone wp-image-16154 size-fusion-600\" src=\"https:\/\/www.pta.med.pl\/wp-content\/uploads\/drzewa-relacja-4-600x450.jpg\" alt=\"\" width=\"600\" height=\"450\" srcset=\"https:\/\/old.pta.med.pl\/wp-content\/uploads\/drzewa-relacja-4-200x150.jpg 200w, https:\/\/old.pta.med.pl\/wp-content\/uploads\/drzewa-relacja-4-400x300.jpg 400w, https:\/\/old.pta.med.pl\/wp-content\/uploads\/drzewa-relacja-4-500x375.jpg 500w, https:\/\/old.pta.med.pl\/wp-content\/uploads\/drzewa-relacja-4-600x450.jpg 600w, https:\/\/old.pta.med.pl\/wp-content\/uploads\/drzewa-relacja-4-768x576.jpg 768w, https:\/\/old.pta.med.pl\/wp-content\/uploads\/drzewa-relacja-4-800x600.jpg 800w, https:\/\/old.pta.med.pl\/wp-content\/uploads\/drzewa-relacja-4.jpg 1200w\" sizes=\"(max-width: 600px) 100vw, 600px\" \/><\/p>\n","protected":false},"excerpt":{"rendered":"<p>W dniu 7 pa\u017adziernika 2022 r., PTA wraz z Koalicj\u0105 na rzecz Leczenia Astmy zaanga\u017cowa\u0142y si\u0119 w akcj\u0119 sadzenia drzew w Rajszewie w gminie Jab\u0142onna, wspieraj\u0105c tym samym dzia\u0142ania Nadle\u015bnictwa Jab\u0142onna oraz inicjatyw\u0119 ,,Drzewa od Teva\u201d. Cieszymy si\u0119, \u017ce i my mogli\u015bmy do\u0142o\u017cy\u0107 swoj\u0105 cegie\u0142k\u0119 do odbudowy zasob\u00f3w le\u015bnych i poprawy jako\u015bci powietrza. Zapraszamy do [&hellip;]<\/p>\n","protected":false},"author":1,"featured_media":16150,"comment_status":"closed","ping_status":"closed","sticky":false,"template":"","format":"standard","meta":{"ngg_post_thumbnail":0},"categories":[2],"tags":[],"_links":{"self":[{"href":"https:\/\/old.pta.med.pl\/index.php?rest_route=\/wp\/v2\/posts\/16148"}],"collection":[{"href":"https:\/\/old.pta.med.pl\/index.php?rest_route=\/wp\/v2\/posts"}],"about":[{"href":"https:\/\/old.pta.med.pl\/index.php?rest_route=\/wp\/v2\/types\/post"}],"author":[{"embeddable":true,"href":"https:\/\/old.pta.med.pl\/index.php?rest_route=\/wp\/v2\/users\/1"}],"replies":[{"embeddable":true,"href":"https:\/\/old.pta.med.pl\/index.php?rest_route=%2Fwp%2Fv2%2Fcomments&post=16148"}],"version-history":[{"count":6,"href":"https:\/\/old.pta.med.pl\/index.php?rest_route=\/wp\/v2\/posts\/16148\/revisions"}],"predecessor-version":[{"id":16159,"href":"https:\/\/old.pta.med.pl\/index.php?rest_route=\/wp\/v2\/posts\/16148\/revisions\/16159"}],"wp:featuredmedia":[{"embeddable":true,"href":"https:\/\/old.pta.med.pl\/index.php?rest_route=\/wp\/v2\/media\/16150"}],"wp:attachment":[{"href":"https:\/\/old.pta.med.pl\/index.php?rest_route=%2Fwp%2Fv2%2Fmedia&parent=16148"}],"wp:term":[{"taxonomy":"category","embeddable":true,"href":"https:\/\/old.pta.med.pl\/index.php?rest_route=%2Fwp%2Fv2%2Fcategories&post=16148"},{"taxonomy":"post_tag","embeddable":true,"href":"https:\/\/old.pta.med.pl\/index.php?rest_route=%2Fwp%2Fv2%2Ftags&post=16148"}],"curies":[{"name":"wp","href":"https:\/\/api.w.org\/{rel}","templated":true}]}}