{"id":16176,"date":"2022-10-18T09:29:16","date_gmt":"2022-10-18T07:29:16","guid":{"rendered":"https:\/\/www.pta.med.pl\/?p=16176"},"modified":"2022-10-18T11:34:03","modified_gmt":"2022-10-18T09:34:03","slug":"przewodniczacy-kapituly-ds-nadawania-godnosci-czlonka-honorowego-pta-2-3-2-2-2-2-2-2-2-2-2-2-2-2-2","status":"publish","type":"post","link":"https:\/\/old.pta.med.pl\/?p=16176","title":{"rendered":"PTA Partnerem Serwisu Rynku Zdrowia po\u015bwi\u0119conego alergologii"},"content":{"rendered":"<p>Rynek Zdrowia to medium, kt\u00f3rego nie trzeba przedstawia\u0107, dlatego tym bardziej cieszy nas fakt, \u017ce od wrze\u015bnia jeste\u015bmy Partnerem Serwisu Alergologia dzia\u0142aj\u0105cego w ramach\u00a0<a href=\"http:\/\/www.rynekzdrowia.pl\/\" target=\"_blank\" rel=\"noopener\">www.rynekzdrowia.pl<\/a>.<\/p>\n<p>Cyklicznie, na jego \u0142amach, nasi Eksperci b\u0119d\u0105 poruszali tematy wa\u017cne i istotne zar\u00f3wno z punktu widzenia \u015brodowiska medycznego, jak i z punktu widzenia samego pacjenta.<\/p>\n<p>We wrze\u015bniu prof. Maciej Kupczyk, prezydent Polskiego Towarzystwa Alergologicznego, w bardzo dok\u0142adny spos\u00f3b om\u00f3wi\u0142 mo\u017cliwo\u015bci diagnostyczne i prewencyjne dost\u0119pne w alergologii, kt\u00f3re niestety &#8211; z przyczyn r\u00f3\u017cnych &#8211; nie s\u0105 efektywnie wykorzystywane. Zapraszamy do lektury rozmowy pt.\u00a0<em><a href=\"https:\/\/www.rynekzdrowia.pl\/Alergologia\/Alergie-i-astma-Mamy-skuteczne-metody-diagnostyczne-i-prewencyjne-ktorych-platnik-nie-promuje,237336,6.html\" target=\"_blank\" rel=\"noopener\">Alergie i astma. Mamy skuteczne metody diagnostyczne i prewencyjne, kt\u00f3rych p\u0142atnik nie promuje<\/a>.<\/em><\/p>\n<p>Kolejne tematy, jakie b\u0119d\u0105 podejmowane przez naszych Ekspert\u00f3w, to:<\/p>\n<ul>\n<li>model opieki nad pacjentami z chorobami alergicznymi<\/li>\n<li>rola i miejsce alergologii w obszarze jakim jest zdrowie publiczne<\/li>\n<li>mo\u017cliwo\u015bci i szanse, jakie daje immunoterapia<\/li>\n<\/ul>\n<p>Zapraszamy do obserwowania\u00a0<a href=\"https:\/\/www.rynekzdrowia.pl\/Alergologia\/6.html\" target=\"_blank\" rel=\"noopener\">Sekcji Alergologia<\/a>\u00a0oraz do \u015bledzenia rozm\u00f3w z naszymi Ekspertami.<\/p>\n","protected":false},"excerpt":{"rendered":"<p>Rynek Zdrowia to medium, kt\u00f3rego nie trzeba przedstawia\u0107, dlatego tym bardziej cieszy nas fakt, \u017ce od wrze\u015bnia jeste\u015bmy Partnerem Serwisu Alergologia dzia\u0142aj\u0105cego w ramach\u00a0www.rynekzdrowia.pl. Cyklicznie, na jego \u0142amach, nasi Eksperci b\u0119d\u0105 poruszali tematy wa\u017cne i istotne zar\u00f3wno z punktu widzenia \u015brodowiska medycznego, jak i z punktu widzenia samego pacjenta. We wrze\u015bniu prof. Maciej Kupczyk, prezydent [&hellip;]<\/p>\n","protected":false},"author":1,"featured_media":16177,"comment_status":"closed","ping_status":"closed","sticky":false,"template":"","format":"standard","meta":{"ngg_post_thumbnail":0},"categories":[4],"tags":[],"_links":{"self":[{"href":"https:\/\/old.pta.med.pl\/index.php?rest_route=\/wp\/v2\/posts\/16176"}],"collection":[{"href":"https:\/\/old.pta.med.pl\/index.php?rest_route=\/wp\/v2\/posts"}],"about":[{"href":"https:\/\/old.pta.med.pl\/index.php?rest_route=\/wp\/v2\/types\/post"}],"author":[{"embeddable":true,"href":"https:\/\/old.pta.med.pl\/index.php?rest_route=\/wp\/v2\/users\/1"}],"replies":[{"embeddable":true,"href":"https:\/\/old.pta.med.pl\/index.php?rest_route=%2Fwp%2Fv2%2Fcomments&post=16176"}],"version-history":[{"count":2,"href":"https:\/\/old.pta.med.pl\/index.php?rest_route=\/wp\/v2\/posts\/16176\/revisions"}],"predecessor-version":[{"id":16179,"href":"https:\/\/old.pta.med.pl\/index.php?rest_route=\/wp\/v2\/posts\/16176\/revisions\/16179"}],"wp:featuredmedia":[{"embeddable":true,"href":"https:\/\/old.pta.med.pl\/index.php?rest_route=\/wp\/v2\/media\/16177"}],"wp:attachment":[{"href":"https:\/\/old.pta.med.pl\/index.php?rest_route=%2Fwp%2Fv2%2Fmedia&parent=16176"}],"wp:term":[{"taxonomy":"category","embeddable":true,"href":"https:\/\/old.pta.med.pl\/index.php?rest_route=%2Fwp%2Fv2%2Fcategories&post=16176"},{"taxonomy":"post_tag","embeddable":true,"href":"https:\/\/old.pta.med.pl\/index.php?rest_route=%2Fwp%2Fv2%2Ftags&post=16176"}],"curies":[{"name":"wp","href":"https:\/\/api.w.org\/{rel}","templated":true}]}}