{"id":16202,"date":"2022-11-02T12:01:08","date_gmt":"2022-11-02T11:01:08","guid":{"rendered":"https:\/\/www.pta.med.pl\/?p=16202"},"modified":"2022-11-02T12:01:08","modified_gmt":"2022-11-02T11:01:08","slug":"przewodniczacy-kapituly-ds-nadawania-godnosci-czlonka-honorowego-pta-2-2-2-2-2-2-2-2-2-2-2-2-2-2-2-2-2-2","status":"publish","type":"post","link":"https:\/\/old.pta.med.pl\/?p=16202","title":{"rendered":"Nowy model d\u0105\u017cenia do\u00a0poprawy diagnostyki i\u00a0leczenia astmy w\u00a0Polsce"},"content":{"rendered":"<div class=\"cxmmr5t8 oygrvhab hcukyx3x c1et5uql o9v6fnle ii04i59q\">\n<div dir=\"auto\">\n<div class=\"cxmmr5t8 oygrvhab hcukyx3x c1et5uql o9v6fnle ii04i59q\">\n<div dir=\"auto\">\n<div class=\"cxmmr5t8 oygrvhab hcukyx3x c1et5uql o9v6fnle ii04i59q\">\n<div dir=\"auto\">Zapraszamy do zapoznania si\u0119 z wywiadem w Pulsie Medycyny z Prof. Markiem Kulusem.<\/div>\n<div dir=\"auto\">\n<p>Niedawno zako\u0144czy\u0142o si\u0119 VII Kliniczne Forum Ekspert\u00f3w organizowane cyklicznie przez Polskie Towarzystwo Alergologiczne. W jego ramach odby\u0142a si\u0119 sesja plenarna Koalicji na Rzecz Leczenia Astmy. O spotkaniu koalicjant\u00f3w oraz o przysz\u0142o\u015bci Koalicji rozmawia prof. Markiem Kulus, jej przewodnicz\u0105cy.<\/p>\n<\/div>\n<p><a href=\"https:\/\/pulsmedycyny.pl\/nowy-model-dazenia-do-poprawy-diagnostyki-i-leczenia-astmy-w-polsce-1168159\" target=\"_blank\" rel=\"noopener\">Zapraszamy do lektury!<\/a><\/p>\n<p><img class=\"alignnone size-full wp-image-14261\" src=\"https:\/\/www.pta.med.pl\/wp-content\/uploads\/mkulus400.png\" alt=\"\" width=\"401\" height=\"504\" srcset=\"https:\/\/old.pta.med.pl\/wp-content\/uploads\/mkulus400-200x251.png 200w, https:\/\/old.pta.med.pl\/wp-content\/uploads\/mkulus400.png 401w\" sizes=\"(max-width: 401px) 100vw, 401px\" \/><\/p>\n<\/div>\n<\/div>\n<\/div>\n<\/div>\n<\/div>\n<p>&nbsp;<\/p>\n","protected":false},"excerpt":{"rendered":"<p>Zapraszamy do zapoznania si\u0119 z wywiadem w Pulsie Medycyny z Prof. Markiem Kulusem. Niedawno zako\u0144czy\u0142o si\u0119 VII Kliniczne Forum Ekspert\u00f3w organizowane cyklicznie przez Polskie Towarzystwo Alergologiczne. W jego ramach odby\u0142a si\u0119 sesja plenarna Koalicji na Rzecz Leczenia Astmy. O spotkaniu koalicjant\u00f3w oraz o przysz\u0142o\u015bci Koalicji rozmawia prof. Markiem Kulus, jej przewodnicz\u0105cy. Zapraszamy do lektury! &nbsp;<\/p>\n","protected":false},"author":1,"featured_media":16203,"comment_status":"closed","ping_status":"closed","sticky":false,"template":"","format":"standard","meta":{"ngg_post_thumbnail":0},"categories":[3],"tags":[],"_links":{"self":[{"href":"https:\/\/old.pta.med.pl\/index.php?rest_route=\/wp\/v2\/posts\/16202"}],"collection":[{"href":"https:\/\/old.pta.med.pl\/index.php?rest_route=\/wp\/v2\/posts"}],"about":[{"href":"https:\/\/old.pta.med.pl\/index.php?rest_route=\/wp\/v2\/types\/post"}],"author":[{"embeddable":true,"href":"https:\/\/old.pta.med.pl\/index.php?rest_route=\/wp\/v2\/users\/1"}],"replies":[{"embeddable":true,"href":"https:\/\/old.pta.med.pl\/index.php?rest_route=%2Fwp%2Fv2%2Fcomments&post=16202"}],"version-history":[{"count":2,"href":"https:\/\/old.pta.med.pl\/index.php?rest_route=\/wp\/v2\/posts\/16202\/revisions"}],"predecessor-version":[{"id":16205,"href":"https:\/\/old.pta.med.pl\/index.php?rest_route=\/wp\/v2\/posts\/16202\/revisions\/16205"}],"wp:featuredmedia":[{"embeddable":true,"href":"https:\/\/old.pta.med.pl\/index.php?rest_route=\/wp\/v2\/media\/16203"}],"wp:attachment":[{"href":"https:\/\/old.pta.med.pl\/index.php?rest_route=%2Fwp%2Fv2%2Fmedia&parent=16202"}],"wp:term":[{"taxonomy":"category","embeddable":true,"href":"https:\/\/old.pta.med.pl\/index.php?rest_route=%2Fwp%2Fv2%2Fcategories&post=16202"},{"taxonomy":"post_tag","embeddable":true,"href":"https:\/\/old.pta.med.pl\/index.php?rest_route=%2Fwp%2Fv2%2Ftags&post=16202"}],"curies":[{"name":"wp","href":"https:\/\/api.w.org\/{rel}","templated":true}]}}